{"id":480,"date":"2025-07-24T20:17:01","date_gmt":"2025-07-24T18:17:01","guid":{"rendered":"https:\/\/yvanleclerc.org\/?p=480"},"modified":"2025-07-24T21:56:09","modified_gmt":"2025-07-24T19:56:09","slug":"480","status":"publish","type":"post","link":"https:\/\/yvanleclerc.org\/index.php\/2025\/07\/24\/480\/","title":{"rendered":"L\u2019Inconnue en correspondance"},"content":{"rendered":"\n<p><br><br>Hier, blanche \u00e0 corolles, cheveux nou\u00e9s <br>Ce matin bleue \u00e0 dentelles <br>Chevelure libre <br>Rose \u00e0 volants, chignon serr\u00e9 <br>Et en soir\u00e9e, chemisier blanc <br>Et ruban noir. <br>Est-ce la m\u00eame\u00a0? <br>Regardant devant elle, droite <br>Ne voyant pas, ou semblant, <br>Celui qui la regarde, photographie, dessine <br>De dos. <\/p>\n\n\n\n<figure class=\"wp-block-image size-large is-resized\"><img loading=\"lazy\" decoding=\"async\" width=\"591\" height=\"1024\" src=\"https:\/\/yvanleclerc.org\/wp-content\/uploads\/2025\/07\/inconnue-epistolaire_02_copie-591x1024.jpg\" alt=\"\" class=\"wp-image-489\" style=\"width:209px;height:auto\"\/><\/figure>\n\n\n\n<figure class=\"wp-block-image size-large is-resized\"><img loading=\"lazy\" decoding=\"async\" width=\"1016\" height=\"1024\" src=\"https:\/\/yvanleclerc.org\/wp-content\/uploads\/2025\/07\/inconnue-epistolaire_01-1016x1024.jpg\" alt=\"\" class=\"wp-image-488\" style=\"width:173px;height:auto\"\/><\/figure>\n\n\n\n<p>De trois quart profil perdu <br>Son nez cach\u00e9 \u2014 un trait <br>Le bout des l\u00e8vres, un peu boudeuses <br>Un creux, ou fossette, juste l\u00e0 <br>Un triangle, gris\u00e9, par l\u2019ombre. <br><br>Juillet 2025<\/p>\n\n\n\n<figure class=\"wp-block-image size-large is-resized\"><img loading=\"lazy\" decoding=\"async\" width=\"780\" height=\"1024\" src=\"https:\/\/yvanleclerc.org\/wp-content\/uploads\/2025\/07\/inconnue-epistolaire_02-780x1024.jpg\" alt=\"\" class=\"wp-image-491\" style=\"width:262px;height:auto\"\/><\/figure>\n\n\n\n<p><br><br><\/p>\n\n\n\n<p><br><br><br><\/p>\n","protected":false},"excerpt":{"rendered":"<p>Hier, blanche \u00e0 corolles, cheveux nou\u00e9s Ce matin bleue \u00e0 dentelles Chevelure libre Rose \u00e0 volants, chignon serr\u00e9 Et en soir\u00e9e, chemisier blanc Et ruban noir. Est-ce la m\u00eame\u00a0? Regardant devant elle, droite Ne voyant pas, ou semblant, Celui qui la regarde, photographie, dessine De dos. De trois quart profil perdu Son nez cach\u00e9 \u2014 [&hellip;]<\/p>\n","protected":false},"author":2,"featured_media":0,"comment_status":"closed","ping_status":"closed","sticky":false,"template":"","format":"standard","meta":{"footnotes":""},"categories":[4,26],"tags":[],"class_list":["post-480","post","type-post","status-publish","format-standard","hentry","category-fictions","category-petits-poemes-en-vers"],"_links":{"self":[{"href":"https:\/\/yvanleclerc.org\/index.php\/wp-json\/wp\/v2\/posts\/480","targetHints":{"allow":["GET"]}}],"collection":[{"href":"https:\/\/yvanleclerc.org\/index.php\/wp-json\/wp\/v2\/posts"}],"about":[{"href":"https:\/\/yvanleclerc.org\/index.php\/wp-json\/wp\/v2\/types\/post"}],"author":[{"embeddable":true,"href":"https:\/\/yvanleclerc.org\/index.php\/wp-json\/wp\/v2\/users\/2"}],"replies":[{"embeddable":true,"href":"https:\/\/yvanleclerc.org\/index.php\/wp-json\/wp\/v2\/comments?post=480"}],"version-history":[{"count":6,"href":"https:\/\/yvanleclerc.org\/index.php\/wp-json\/wp\/v2\/posts\/480\/revisions"}],"predecessor-version":[{"id":498,"href":"https:\/\/yvanleclerc.org\/index.php\/wp-json\/wp\/v2\/posts\/480\/revisions\/498"}],"wp:attachment":[{"href":"https:\/\/yvanleclerc.org\/index.php\/wp-json\/wp\/v2\/media?parent=480"}],"wp:term":[{"taxonomy":"category","embeddable":true,"href":"https:\/\/yvanleclerc.org\/index.php\/wp-json\/wp\/v2\/categories?post=480"},{"taxonomy":"post_tag","embeddable":true,"href":"https:\/\/yvanleclerc.org\/index.php\/wp-json\/wp\/v2\/tags?post=480"}],"curies":[{"name":"wp","href":"https:\/\/api.w.org\/{rel}","templated":true}]}}