{"id":377,"date":"2025-05-31T15:31:08","date_gmt":"2025-05-31T13:31:08","guid":{"rendered":"https:\/\/yvanleclerc.org\/?p=377"},"modified":"2025-07-28T21:58:57","modified_gmt":"2025-07-28T19:58:57","slug":"palavas-les-flots","status":"publish","type":"post","link":"https:\/\/yvanleclerc.org\/index.php\/2025\/05\/31\/palavas-les-flots\/","title":{"rendered":"Palavas-les-Flots"},"content":{"rendered":"\n<p><\/p>\n\n\n\n<p>En vacances \u00e0 c\u00f4t\u00e9 de Palavas-les-Flots, pendant l\u2019\u00e9t\u00e9 2012, je me souviens que j\u2019ai failli habiter l\u00e0. Quand ma s\u0153ur a eu l\u2019\u00e2ge d\u2019entrer en seconde, en 1962 ou 1963, apr\u00e8s les ann\u00e9es de coll\u00e8ge dans une bourgade qui n\u2019avait pas de lyc\u00e9e (Rue dans la Somme), la m\u00e8re a choisi tout de suite une ville universitaire o\u00f9 ses deux enfants pourraient continuer leurs \u00e9tudes. Elle a pris le dictionnaire Larousse et s\u00e9lectionn\u00e9 trois villes non industrielles \u00e0 l\u2019\u00e9poque, o\u00f9 le climat \u00e9tait sain (ce fut la premi\u00e8re \u00e9colo)&nbsp;: Grenoble, Montpellier et Poitiers. Finalement, ce fut Poitiers, mais pendant la p\u00e9riode de prospection, elle envoya le p\u00e8re, si je me souviens bien avec ma s\u0153ur, les employ\u00e9s du chemin de fer et leur famille voyageaient alors gratuitement ave des billets rose bonbon longs comme des ch\u00e8ques, en reconnaissance \u00e0 Montpellier. Les centres villes \u00e9tant inabordables pour des pauvres, il fallait chercher dans les environs. Mais tous les logements de Palavas \u00e9taient pris par les pieds noirs revenant d\u2019Alg\u00e9rie. Voil\u00e0 pourquoi je n\u2019ai pas habit\u00e9 Palavas.<\/p>\n\n\n\n<p>Ma vie aurait \u00e9t\u00e9 tout autre. Ce lieu que je ne connais pas est un point virtuel de bifurcation, l\u2019origine d\u2019une autre vie possible. Frapp\u00e9 \u00e0 la lecture des <em>M\u00e9moires d\u2019outre-tombe <\/em>que Chateaubriand double le r\u00e9cit de ses innombrables vies, publique, priv\u00e9e, politique, litt\u00e9raire, etc., d\u2019une autobiographie virtuelle au conditionnel ou plut\u00f4t \u00e0 l\u2019irr\u00e9el du pass\u00e9.<\/p>\n\n\n\n<p>Reste-il quelque chose du Palavas des ann\u00e9es 60, que je n\u2019ai pas connu&nbsp;? Me voici \u00e0 la recherche de souvenirs que je n\u2019ai pas, de lieux o\u00f9 je n\u2019ai pas v\u00e9cu. M\u00eame pas possible de jouer \u00e0 la comparaison \u00ab&nbsp;avant&nbsp;\u00bb et \u00ab&nbsp;aujourd\u2019hui&nbsp;\u00bb, comme je l\u2019avais fait \u00e0 Bizerte \u00e0 partir de cartes postales rapport\u00e9es par le p\u00e8re apr\u00e8s son service militaire. J\u2019explique mon cas \u00e0 la jeune h\u00f4tesse de l\u2019Office de tourisme qui me dit que Palavas a beaucoup chang\u00e9, mais que le vieux centre historique existe toujours. Elle ouvre deux plans&nbsp;: le Palavas d\u2019aujourd\u2019hui et un circuit dans le patrimoine architectural. Aurais-je habit\u00e9 rive gauche, dans le quartier des p\u00eacheurs, ou rive droite, la \u00ab&nbsp;charmante cit\u00e9 de r\u00e9sidences d\u2019\u00e9t\u00e9 de la Belle \u00c9poque&nbsp;\u00bb qui \u00ab&nbsp;attire les riches familles h\u00e9raultaises&nbsp;\u00bb affirmant leur position de ma\u00eetres en se faisant construire des maisons de style n\u00e9o-colonial&nbsp;? Celle-ci est exclue, en raison du prix de l\u2019immobilier&nbsp;; celle-l\u00e0 n\u2019est pas impossible, mais les \u00e9trangers se m\u00ealant \u00e0 la population locale ne devaient pas \u00eatre tr\u00e8s bien vus, pas plus que dans le port du Crotoy, o\u00f9 j\u2019\u00e9tais rest\u00e9 le Parisien t\u00eate-de-chien malgr\u00e9 toute une scolarit\u00e9 en primaire. Plus s\u00fbrement aurions-nous trouv\u00e9 une maisonnette \u00e0 retaper en dehors du centre, \u00e0 l\u2019\u00e9cart, comme dans la p\u00e9riph\u00e9rie de Poitiers cette ancienne halte de tortillard sans eau ni \u00e9lectricit\u00e9.<\/p>\n\n\n\n<p>Que chercher dans ce vieux quartier, si ce n\u2019est m\u00eame pas une maison habitable&nbsp;? Mais des lieux qui me seraient devenus familiers, des passages oblig\u00e9s, une ambiance, des enseignes, des inscriptions (au 18 de la rue \u00c9v\u00eaque Arnaud&nbsp;: \u00ab&nbsp;Bona ou marida marqu\u00e9 l\u2019oura. Bast\u00e9 quau ris tappis quau ploura&nbsp;\u00bb Bonne ou mauvaise, je donne l\u2019heure. Tant mieux qui rit, tant pis qui pleure), des noms de rues, des noms de villas.<\/p>\n\n\n\n<figure class=\"wp-block-image size-large is-resized\"><img loading=\"lazy\" decoding=\"async\" width=\"1024\" height=\"768\" src=\"https:\/\/yvanleclerc.org\/wp-content\/uploads\/2025\/05\/P1020017-1024x768.jpg\" alt=\"\" class=\"wp-image-380\" style=\"width:433px;height:auto\" srcset=\"https:\/\/yvanleclerc.org\/wp-content\/uploads\/2025\/05\/P1020017-1024x768.jpg 1024w, https:\/\/yvanleclerc.org\/wp-content\/uploads\/2025\/05\/P1020017-300x225.jpg 300w, https:\/\/yvanleclerc.org\/wp-content\/uploads\/2025\/05\/P1020017-768x576.jpg 768w, https:\/\/yvanleclerc.org\/wp-content\/uploads\/2025\/05\/P1020017-1536x1152.jpg 1536w, https:\/\/yvanleclerc.org\/wp-content\/uploads\/2025\/05\/P1020017-2048x1536.jpg 2048w\" sizes=\"auto, (max-width: 1024px) 100vw, 1024px\" \/><\/figure>\n\n\n\n<p>La \u00ab&nbsp;Villa Radieuse&nbsp;\u00bb, au 25 de la rue \u00c9v\u00eaque Arnaud ne m\u2019aurait pas surpris avec ses murs de cl\u00f4ture qui \u00ab&nbsp;simule des troncs d\u2019arbre&nbsp;\u00bb, car c\u2019\u00e9tait aussi la mode au Crotoy, o\u00f9 les riches estivants donnaient aux piliers de ciment une \u00e9corce et des tron\u00e7ons de branches coup\u00e9es.<\/p>\n\n\n\n<figure class=\"wp-block-image size-large is-resized\"><img loading=\"lazy\" decoding=\"async\" width=\"768\" height=\"1024\" src=\"https:\/\/yvanleclerc.org\/wp-content\/uploads\/2025\/05\/P1020018-768x1024.jpg\" alt=\"\" class=\"wp-image-381\" style=\"width:431px;height:auto\" srcset=\"https:\/\/yvanleclerc.org\/wp-content\/uploads\/2025\/05\/P1020018-768x1024.jpg 768w, https:\/\/yvanleclerc.org\/wp-content\/uploads\/2025\/05\/P1020018-225x300.jpg 225w, https:\/\/yvanleclerc.org\/wp-content\/uploads\/2025\/05\/P1020018-1152x1536.jpg 1152w, https:\/\/yvanleclerc.org\/wp-content\/uploads\/2025\/05\/P1020018-1536x2048.jpg 1536w, https:\/\/yvanleclerc.org\/wp-content\/uploads\/2025\/05\/P1020018-rotated.jpg 1920w\" sizes=\"auto, (max-width: 768px) 100vw, 768px\" \/><\/figure>\n\n\n\n<p>Je ne jette m\u00eame pas un \u0153il au Jardin Saint-Pierre, \u00ab&nbsp;am\u00e9nag\u00e9 dans les ann\u00e9es 90&nbsp;\u00bb, trop tard pour exister pour moi. En revanche, je fais une longue pause devant la porte de l\u2019ancienne \u00e9cole Sainte-Florence, puisqu\u2019elle fut \u00ab&nbsp;fond\u00e9e en 1883&nbsp;\u00bb et devant le Source Jeanne d\u2019Arc, dont \u00ab&nbsp;la fontaine distribue l\u2019eau ferrugineuse&nbsp;\u00bb, mais non potable. Le fut-elle en 1960, quand j\u2019aurais pu en boire&nbsp;?<\/p>\n\n\n\n<figure class=\"wp-block-image size-large is-resized\"><img loading=\"lazy\" decoding=\"async\" width=\"1024\" height=\"768\" src=\"https:\/\/yvanleclerc.org\/wp-content\/uploads\/2025\/05\/P1020024-1024x768.jpg\" alt=\"\" class=\"wp-image-382\" style=\"width:429px;height:auto\" srcset=\"https:\/\/yvanleclerc.org\/wp-content\/uploads\/2025\/05\/P1020024-1024x768.jpg 1024w, https:\/\/yvanleclerc.org\/wp-content\/uploads\/2025\/05\/P1020024-300x225.jpg 300w, https:\/\/yvanleclerc.org\/wp-content\/uploads\/2025\/05\/P1020024-768x576.jpg 768w, https:\/\/yvanleclerc.org\/wp-content\/uploads\/2025\/05\/P1020024-1536x1152.jpg 1536w, https:\/\/yvanleclerc.org\/wp-content\/uploads\/2025\/05\/P1020024-2048x1536.jpg 2048w\" sizes=\"auto, (max-width: 1024px) 100vw, 1024px\" \/><\/figure>\n\n\n\n<figure class=\"wp-block-image size-large is-resized\"><img loading=\"lazy\" decoding=\"async\" width=\"1024\" height=\"768\" src=\"https:\/\/yvanleclerc.org\/wp-content\/uploads\/2025\/05\/P1020026-1024x768.jpg\" alt=\"\" class=\"wp-image-383\" style=\"width:428px;height:auto\" srcset=\"https:\/\/yvanleclerc.org\/wp-content\/uploads\/2025\/05\/P1020026-1024x768.jpg 1024w, https:\/\/yvanleclerc.org\/wp-content\/uploads\/2025\/05\/P1020026-300x225.jpg 300w, https:\/\/yvanleclerc.org\/wp-content\/uploads\/2025\/05\/P1020026-768x576.jpg 768w, https:\/\/yvanleclerc.org\/wp-content\/uploads\/2025\/05\/P1020026-1536x1152.jpg 1536w, https:\/\/yvanleclerc.org\/wp-content\/uploads\/2025\/05\/P1020026-2048x1536.jpg 2048w\" sizes=\"auto, (max-width: 1024px) 100vw, 1024px\" \/><\/figure>\n\n\n\n<p>Et je consacre de longs moments aux maisons du quartier rive gauche, dont le guide dit qu\u2019elles \u00ab&nbsp;sont conserv\u00e9es pratiquement en leur \u00e9tat d\u2019origine&nbsp;\u00bb&nbsp;: <em>pratiquement&nbsp;<\/em>?<\/p>\n\n\n\n<p>Les heures auraient \u00e9t\u00e9 rythm\u00e9es par la cloche de l\u2019\u00e9glise Saint-Pierre, baptis\u00e9e Augusta, Jeanne, Blanche, Rose, Fran\u00e7oise.<\/p>\n\n\n\n<p>J\u2019aurais sans doute \u00e9t\u00e9 un habitu\u00e9 de la Salle de conf\u00e9rences au 20 de la rue Saint-Roch (rechercher aux Archives les programmes des conf\u00e9rences que j\u2019ai rat\u00e9es).<\/p>\n\n\n\n<figure class=\"wp-block-image size-large is-resized\"><img loading=\"lazy\" decoding=\"async\" width=\"1024\" height=\"768\" src=\"https:\/\/yvanleclerc.org\/wp-content\/uploads\/2025\/05\/P1020027-1024x768.jpg\" alt=\"\" class=\"wp-image-385\" style=\"width:439px;height:auto\" srcset=\"https:\/\/yvanleclerc.org\/wp-content\/uploads\/2025\/05\/P1020027-1024x768.jpg 1024w, https:\/\/yvanleclerc.org\/wp-content\/uploads\/2025\/05\/P1020027-300x225.jpg 300w, https:\/\/yvanleclerc.org\/wp-content\/uploads\/2025\/05\/P1020027-768x576.jpg 768w, https:\/\/yvanleclerc.org\/wp-content\/uploads\/2025\/05\/P1020027-1536x1152.jpg 1536w, https:\/\/yvanleclerc.org\/wp-content\/uploads\/2025\/05\/P1020027-2048x1536.jpg 2048w\" sizes=\"auto, (max-width: 1024px) 100vw, 1024px\" \/><\/figure>\n\n\n\n<p>J\u2019aurais regard\u00e9 d\u2019un autre \u0153il les dessins d\u2019Albert Dubout.<\/p>\n\n\n\n<p>J\u2019aurais pris l\u2019accent du Sud. Ma peau de blanc bec du Nord se serait un peu tann\u00e9e. Quelque chose de la religiosit\u00e9 ambiante m\u2019aurait impr\u00e9gn\u00e9. Je me serais int\u00e9ress\u00e9 aux chevaux et aux courses de taureaux. J\u2019aurais appris \u00e0 la Fac des rudiments de langue d\u2019Oc pour m\u2019acculturer.<\/p>\n\n\n\n<p>J\u2019aurais mal support\u00e9 les moustiques. En fonction de la th\u00e9orie des climats, je serais devenu expansif, bavard, jobard, sociable, extraverti, parlant haut, parlant de moi, solaire, vivant dehors, buvant frais.<\/p>\n\n\n\n<p>J\u2019aurais \u00e9t\u00e9 amoureux de la fille inabordable sortant d\u2019une maison de la rive droite, h\u00e9riti\u00e8re de l\u2019une de ces \u00ab&nbsp;riches familles h\u00e9raultaises, grands propri\u00e9taires fonciers, n\u00e9gociants en vin, commer\u00e7ants et banquiers&nbsp;\u00bb, habitant peut-\u00eatre <em>Le Mirage<\/em>, \u00ab&nbsp;coquette maison sur deux niveaux avec jardinet sur le c\u00f4t\u00e9&nbsp;\u00bb, au 16 de la rue Blanche de Castille, ou au 29 de la rue Substantion la <em>Villa Fanny<\/em> de type art d\u00e9co, avec des \u00ab&nbsp;lignes sobres, droites et rigoureuses&nbsp;\u00bb, comme celle dont j\u2019aurais guett\u00e9 le retour pour les vacances ou pour les fins de semaine qu\u2019on n\u2019appelait pas encore week-end. Mais l\u2019\u00e9tudiant pauvre, n\u2019appartenant pas \u00e0 son monde, n\u2019aurait pas exist\u00e9 \u00e0 ses yeux, ou bien comme un objet de curiosit\u00e9 amus\u00e9e.<\/p>\n\n\n\n<figure class=\"wp-block-image size-large is-resized\"><img loading=\"lazy\" decoding=\"async\" width=\"1024\" height=\"768\" src=\"https:\/\/yvanleclerc.org\/wp-content\/uploads\/2025\/05\/P1020020-1024x768.jpg\" alt=\"\" class=\"wp-image-386\" style=\"width:420px;height:auto\" srcset=\"https:\/\/yvanleclerc.org\/wp-content\/uploads\/2025\/05\/P1020020-1024x768.jpg 1024w, https:\/\/yvanleclerc.org\/wp-content\/uploads\/2025\/05\/P1020020-300x225.jpg 300w, https:\/\/yvanleclerc.org\/wp-content\/uploads\/2025\/05\/P1020020-768x576.jpg 768w, https:\/\/yvanleclerc.org\/wp-content\/uploads\/2025\/05\/P1020020-1536x1152.jpg 1536w, https:\/\/yvanleclerc.org\/wp-content\/uploads\/2025\/05\/P1020020-2048x1536.jpg 2048w\" sizes=\"auto, (max-width: 1024px) 100vw, 1024px\" \/><\/figure>\n\n\n\n<figure class=\"wp-block-image size-large is-resized\"><img loading=\"lazy\" decoding=\"async\" width=\"768\" height=\"1024\" src=\"https:\/\/yvanleclerc.org\/wp-content\/uploads\/2025\/05\/P1020015-768x1024.jpg\" alt=\"\" class=\"wp-image-387\" style=\"width:411px;height:auto\" srcset=\"https:\/\/yvanleclerc.org\/wp-content\/uploads\/2025\/05\/P1020015-768x1024.jpg 768w, https:\/\/yvanleclerc.org\/wp-content\/uploads\/2025\/05\/P1020015-225x300.jpg 225w, https:\/\/yvanleclerc.org\/wp-content\/uploads\/2025\/05\/P1020015-1152x1536.jpg 1152w, https:\/\/yvanleclerc.org\/wp-content\/uploads\/2025\/05\/P1020015-1536x2048.jpg 1536w, https:\/\/yvanleclerc.org\/wp-content\/uploads\/2025\/05\/P1020015-rotated.jpg 1920w\" sizes=\"auto, (max-width: 768px) 100vw, 768px\" \/><\/figure>\n\n\n\n<p>\u00c0 moins que l\u2019\u00e9tudiant id\u00e9aliste n\u2019ait jet\u00e9 son d\u00e9volu sur la fille d\u2019un p\u00eacheur, comme dans la <em>Graziella <\/em>de Lamartine que j\u2019aurais lu \u00e0 l\u2019occasion pour y chercher des r\u00e9ponses, sans plus de succ\u00e8s, car la gamine rude, \u00e9lev\u00e9e \u00e0 la dure, sans faux-semblant, n\u2019aurait eu d\u2019yeux pour que les gaillards qui vivent sur la mer. Elle se f\u00fbt sans doute appel\u00e9e Molle, \u00ab&nbsp;patronyme local fort r\u00e9pandu&nbsp;\u00bb.<\/p>\n\n\n\n<p><em>D\u00e9plac\u00e9<\/em> dans tous les cas.<\/p>\n\n\n\n<p>Je parcours la carte avec un sentiment qui ne peut \u00eatre de la nostalgie, tout au plus quelque chose comme la vague tristesse de ce qui n\u2019a pas \u00e9t\u00e9, le sentiment de la perte de ce qu\u2019on n\u2019a jamais poss\u00e9d\u00e9 (la <em>saudade<\/em> portugaise&nbsp;?), tr\u00e8s blessant \u00e0 l\u2019\u00e9gard de ceux qui font partie de la vie qu\u2019on a eu, comme si la vie palavasienne sans eux, avec d\u2019autres, aurait \u00e9t\u00e9 de toute fa\u00e7on meilleure.<\/p>\n\n\n\n<p><em>Ce qui pr\u00e9c\u00e8de a \u00e9t\u00e9 \u00e9crit avant la visite sur place, en regardant les plans donn\u00e9s par l\u2019Office du Tourisme. Le pays vient apr\u00e8s les noms de pays, le territoire apr\u00e8s la carte. J\u2019arpente les rues, ce 17 ao\u00fbt 2012, au lendemain de la r\u00eaverie sur les d\u00e9pliants. Et je n\u2019apprends rien sur un \u00ab&nbsp;moi&nbsp;\u00bb hypoth\u00e9tique.<\/em><\/p>\n\n\n\n<p>Les photos que je prends sont de pure confirmation.<\/p>\n\n\n\n<p>La \u00ab&nbsp;Villa Marguerite&nbsp;\u00bb, rue Marquerose offre un autre \u00e9crin-clo\u00eetre possible \u00e0 une belle recluse entraper\u00e7ue entre les barreaux de la cl\u00f4ture.<\/p>\n\n\n\n<figure class=\"wp-block-image size-large is-resized\"><img loading=\"lazy\" decoding=\"async\" width=\"1024\" height=\"768\" src=\"https:\/\/yvanleclerc.org\/wp-content\/uploads\/2025\/05\/P1020022-1024x768.jpg\" alt=\"\" class=\"wp-image-388\" style=\"width:396px;height:auto\" srcset=\"https:\/\/yvanleclerc.org\/wp-content\/uploads\/2025\/05\/P1020022-1024x768.jpg 1024w, https:\/\/yvanleclerc.org\/wp-content\/uploads\/2025\/05\/P1020022-300x225.jpg 300w, https:\/\/yvanleclerc.org\/wp-content\/uploads\/2025\/05\/P1020022-768x576.jpg 768w, https:\/\/yvanleclerc.org\/wp-content\/uploads\/2025\/05\/P1020022-1536x1152.jpg 1536w, https:\/\/yvanleclerc.org\/wp-content\/uploads\/2025\/05\/P1020022-2048x1536.jpg 2048w\" sizes=\"auto, (max-width: 1024px) 100vw, 1024px\" \/><\/figure>\n\n\n\n<p>Ce que j\u2019aurais aim\u00e9 ici&nbsp;: la ville coup\u00e9e en deux par le canal, s\u00e9parant une rive gauche pauvre, travailleuse, et une rive droite bourgeoise, comme \u00e0 Rouen&nbsp;; l\u2019activit\u00e9 rythm\u00e9e du port, avec ses d\u00e9parts et ses retours, ici, ind\u00e9pendants des mar\u00e9es contrairement \u00e0 la baie de Somme (les mar\u00e9es d\u2019\u00e9quinoxes, la mer se retirant et montant m\u2019auraient manqu\u00e9)&nbsp;; les migrations saisonni\u00e8res des estivants comme au Crotoy&nbsp;; la fra\u00eecheur de l\u2019\u00e9glise.<\/p>\n\n\n\n<p>Pas de maison \u00e0 fronton, ni \u00e0 lambrequin, ni \u00e0 balcon ouvrag\u00e9, ni \u00e0 d\u00e9cor en relief \u00e0 l\u2019\u00e9tage, \u00ab&nbsp;marque de prosp\u00e9rit\u00e9 du propri\u00e9taire&nbsp;\u00bb.<\/p>\n\n\n\n<p>La Salle des conf\u00e9rences a \u00e9t\u00e9 divis\u00e9e en trois magasins. Dans l\u2019un d\u2019entre eux, on voit encore un peu du carrelage d\u2019origine.<\/p>\n\n\n\n<p>Aux yeux de celui qui cherche un Palavas de 1960, le grand phare de la M\u00e9diterran\u00e9e, tour de contr\u00f4le portant haut le modernisme conqu\u00e9rant, n\u2019existe pas.<\/p>\n\n\n\n<p>R\u00eaverie devant la grande maison bourgeoise d\u00e9labr\u00e9e du 4, rue Aristide-Briand, devant les maisons Art d\u00e9co (comme l\u2019immeuble de Rouen), devant le fer rouill\u00e9, comme cette grille de porte art d\u00e9co \u00e9galement. Elle n\u2019a pas d\u00fb \u00eatre repeinte depuis 50 ans. Devant le \u00ab&nbsp; Chalet Jeanne&nbsp;\u00bb.<\/p>\n\n\n\n<figure class=\"wp-block-image size-large is-resized\"><img loading=\"lazy\" decoding=\"async\" width=\"1024\" height=\"768\" src=\"https:\/\/yvanleclerc.org\/wp-content\/uploads\/2025\/05\/P1020031-1-1024x768.jpg\" alt=\"\" class=\"wp-image-389\" style=\"width:420px;height:auto\" srcset=\"https:\/\/yvanleclerc.org\/wp-content\/uploads\/2025\/05\/P1020031-1-1024x768.jpg 1024w, https:\/\/yvanleclerc.org\/wp-content\/uploads\/2025\/05\/P1020031-1-300x225.jpg 300w, https:\/\/yvanleclerc.org\/wp-content\/uploads\/2025\/05\/P1020031-1-768x576.jpg 768w, https:\/\/yvanleclerc.org\/wp-content\/uploads\/2025\/05\/P1020031-1-1536x1152.jpg 1536w, https:\/\/yvanleclerc.org\/wp-content\/uploads\/2025\/05\/P1020031-1-2048x1536.jpg 2048w\" sizes=\"auto, (max-width: 1024px) 100vw, 1024px\" \/><\/figure>\n\n\n\n<figure class=\"wp-block-image size-large is-resized\"><img loading=\"lazy\" decoding=\"async\" width=\"1024\" height=\"768\" src=\"https:\/\/yvanleclerc.org\/wp-content\/uploads\/2025\/05\/P1020019-1024x768.jpg\" alt=\"\" class=\"wp-image-390\" style=\"width:416px;height:auto\" srcset=\"https:\/\/yvanleclerc.org\/wp-content\/uploads\/2025\/05\/P1020019-1024x768.jpg 1024w, https:\/\/yvanleclerc.org\/wp-content\/uploads\/2025\/05\/P1020019-300x225.jpg 300w, https:\/\/yvanleclerc.org\/wp-content\/uploads\/2025\/05\/P1020019-768x576.jpg 768w, https:\/\/yvanleclerc.org\/wp-content\/uploads\/2025\/05\/P1020019-1536x1152.jpg 1536w, https:\/\/yvanleclerc.org\/wp-content\/uploads\/2025\/05\/P1020019-2048x1536.jpg 2048w\" sizes=\"auto, (max-width: 1024px) 100vw, 1024px\" \/><\/figure>\n\n\n\n<p>Photo presque par hasard, l\u2019appareil se balan\u00e7ant \u00e0 bout de bras, de l\u2019ombre que je deviens, que je serais devenu sur le pav\u00e9 de Palavas, o\u00f9 je n\u2019avais jamais mis les pieds.<\/p>\n\n\n\n<figure class=\"wp-block-image size-large is-resized\"><img loading=\"lazy\" decoding=\"async\" width=\"768\" height=\"1024\" src=\"https:\/\/yvanleclerc.org\/wp-content\/uploads\/2025\/05\/P1020034-768x1024.jpg\" alt=\"\" class=\"wp-image-391\" style=\"width:420px;height:auto\" srcset=\"https:\/\/yvanleclerc.org\/wp-content\/uploads\/2025\/05\/P1020034-768x1024.jpg 768w, https:\/\/yvanleclerc.org\/wp-content\/uploads\/2025\/05\/P1020034-225x300.jpg 225w, https:\/\/yvanleclerc.org\/wp-content\/uploads\/2025\/05\/P1020034-1152x1536.jpg 1152w, https:\/\/yvanleclerc.org\/wp-content\/uploads\/2025\/05\/P1020034-1536x2048.jpg 1536w, https:\/\/yvanleclerc.org\/wp-content\/uploads\/2025\/05\/P1020034-rotated.jpg 1920w\" sizes=\"auto, (max-width: 768px) 100vw, 768px\" \/><\/figure>\n\n\n\n<p>Fin de retour sur un pass\u00e9 qui n\u2019a pas exist\u00e9.<\/p>\n\n\n\n<p><\/p>\n","protected":false},"excerpt":{"rendered":"<p>En vacances \u00e0 c\u00f4t\u00e9 de Palavas-les-Flots, pendant l\u2019\u00e9t\u00e9 2012, je me souviens que j\u2019ai failli habiter l\u00e0. Quand ma s\u0153ur a eu l\u2019\u00e2ge d\u2019entrer en seconde, en 1962 ou 1963, apr\u00e8s les ann\u00e9es de coll\u00e8ge dans une bourgade qui n\u2019avait pas de lyc\u00e9e (Rue dans la Somme), la m\u00e8re a choisi tout de suite une [&hellip;]<\/p>\n","protected":false},"author":2,"featured_media":0,"comment_status":"closed","ping_status":"closed","sticky":false,"template":"","format":"standard","meta":{"footnotes":""},"categories":[2,20],"tags":[],"class_list":["post-377","post","type-post","status-publish","format-standard","hentry","category-je","category-vies-possibles"],"_links":{"self":[{"href":"https:\/\/yvanleclerc.org\/index.php\/wp-json\/wp\/v2\/posts\/377","targetHints":{"allow":["GET"]}}],"collection":[{"href":"https:\/\/yvanleclerc.org\/index.php\/wp-json\/wp\/v2\/posts"}],"about":[{"href":"https:\/\/yvanleclerc.org\/index.php\/wp-json\/wp\/v2\/types\/post"}],"author":[{"embeddable":true,"href":"https:\/\/yvanleclerc.org\/index.php\/wp-json\/wp\/v2\/users\/2"}],"replies":[{"embeddable":true,"href":"https:\/\/yvanleclerc.org\/index.php\/wp-json\/wp\/v2\/comments?post=377"}],"version-history":[{"count":5,"href":"https:\/\/yvanleclerc.org\/index.php\/wp-json\/wp\/v2\/posts\/377\/revisions"}],"predecessor-version":[{"id":516,"href":"https:\/\/yvanleclerc.org\/index.php\/wp-json\/wp\/v2\/posts\/377\/revisions\/516"}],"wp:attachment":[{"href":"https:\/\/yvanleclerc.org\/index.php\/wp-json\/wp\/v2\/media?parent=377"}],"wp:term":[{"taxonomy":"category","embeddable":true,"href":"https:\/\/yvanleclerc.org\/index.php\/wp-json\/wp\/v2\/categories?post=377"},{"taxonomy":"post_tag","embeddable":true,"href":"https:\/\/yvanleclerc.org\/index.php\/wp-json\/wp\/v2\/tags?post=377"}],"curies":[{"name":"wp","href":"https:\/\/api.w.org\/{rel}","templated":true}]}}