{"id":374,"date":"2025-05-31T15:29:21","date_gmt":"2025-05-31T13:29:21","guid":{"rendered":"https:\/\/yvanleclerc.org\/?p=374"},"modified":"2025-05-31T15:29:43","modified_gmt":"2025-05-31T13:29:43","slug":"delphine-seyrig","status":"publish","type":"post","link":"https:\/\/yvanleclerc.org\/index.php\/2025\/05\/31\/delphine-seyrig\/","title":{"rendered":"Delphine Seyrig"},"content":{"rendered":"\n<p><\/p>\n\n\n\n<p>Le geste et la voix de Delphine Seyrig\u00a0: je lui ai tenu la porte d\u2019un amphith\u00e9\u00e2tre o\u00f9 elle entrait pour une conf\u00e9rence, et elle m\u2019a dit merci de sa voix de cin\u00e9ma. J\u2019\u00e9tais \u00e9tudiant\u00a0; je suivais les cours d\u2019esth\u00e9tique de Roger Garaudy, alors aur\u00e9ol\u00e9 de son exclusion du Parti communiste (il faisait des cours extraordinaires, et j\u2019ai \u00e9t\u00e9 affect\u00e9 de sa d\u00e9rive n\u00e9gationniste, comme d\u2019une trahison personnelle\u00a0: je m\u2019explique l\u2019\u00e9trange coh\u00e9rence de son parcours par le besoin de <em>croire<\/em>, doubl\u00e9 d\u2019un besoin radical d\u2019agir: croire \u00e0 l\u2019id\u00e9al communiste, puis \u00e0 la foi catholique, puis \u00e0 la foi musulmane, jusqu\u2019\u00e0 soutenir l\u2019insoutenable). Il avait invit\u00e9 Delphine Seyrig \u00e0 participer \u00e0 l\u2019un de ses cours sur le cin\u00e9ma. Portait-elle son fume-cigarette, ou est-ce que j\u2019ai recompos\u00e9 l\u2019image\u00a0? Sa voix publique qui me dit merci \u00e0 moi seul me faisait entrer dans l\u2019univers imaginaire de ses r\u00f4les. Visitant le cimeti\u00e8re Montparnasse apr\u00e8s avoir repeint la tombe de Maupassant, en juillet 2012, je trouve sa tombe, belle et simple comme elle, d\u2019une pierre ocre. La tombe \u00e0 c\u00f4t\u00e9 de la sienne fait l\u2019objet d\u2019une \u00ab\u00a0reprise\u00a0\u00bb\u00a0: en d\u2019autre terme, elle est \u00e0 louer. Vivre son \u00e9ternit\u00e9 \u00e0 c\u00f4t\u00e9 d\u2019une femme qu\u2019on a crois\u00e9e une fois dans sa vie.<\/p>\n\n\n\n<figure class=\"wp-block-image size-full\"><img loading=\"lazy\" decoding=\"async\" width=\"500\" height=\"667\" src=\"https:\/\/yvanleclerc.org\/wp-content\/uploads\/2025\/05\/seyrig.jpg\" alt=\"\" class=\"wp-image-375\" srcset=\"https:\/\/yvanleclerc.org\/wp-content\/uploads\/2025\/05\/seyrig.jpg 500w, https:\/\/yvanleclerc.org\/wp-content\/uploads\/2025\/05\/seyrig-225x300.jpg 225w\" sizes=\"auto, (max-width: 500px) 100vw, 500px\" \/><\/figure>\n","protected":false},"excerpt":{"rendered":"<p>Le geste et la voix de Delphine Seyrig\u00a0: je lui ai tenu la porte d\u2019un amphith\u00e9\u00e2tre o\u00f9 elle entrait pour une conf\u00e9rence, et elle m\u2019a dit merci de sa voix de cin\u00e9ma. J\u2019\u00e9tais \u00e9tudiant\u00a0; je suivais les cours d\u2019esth\u00e9tique de Roger Garaudy, alors aur\u00e9ol\u00e9 de son exclusion du Parti communiste (il faisait des cours extraordinaires, [&hellip;]<\/p>\n","protected":false},"author":2,"featured_media":0,"comment_status":"closed","ping_status":"closed","sticky":false,"template":"","format":"standard","meta":{"footnotes":""},"categories":[23,3],"tags":[],"class_list":["post-374","post","type-post","status-publish","format-standard","hentry","category-diverses","category-les-autres"],"_links":{"self":[{"href":"https:\/\/yvanleclerc.org\/index.php\/wp-json\/wp\/v2\/posts\/374","targetHints":{"allow":["GET"]}}],"collection":[{"href":"https:\/\/yvanleclerc.org\/index.php\/wp-json\/wp\/v2\/posts"}],"about":[{"href":"https:\/\/yvanleclerc.org\/index.php\/wp-json\/wp\/v2\/types\/post"}],"author":[{"embeddable":true,"href":"https:\/\/yvanleclerc.org\/index.php\/wp-json\/wp\/v2\/users\/2"}],"replies":[{"embeddable":true,"href":"https:\/\/yvanleclerc.org\/index.php\/wp-json\/wp\/v2\/comments?post=374"}],"version-history":[{"count":1,"href":"https:\/\/yvanleclerc.org\/index.php\/wp-json\/wp\/v2\/posts\/374\/revisions"}],"predecessor-version":[{"id":376,"href":"https:\/\/yvanleclerc.org\/index.php\/wp-json\/wp\/v2\/posts\/374\/revisions\/376"}],"wp:attachment":[{"href":"https:\/\/yvanleclerc.org\/index.php\/wp-json\/wp\/v2\/media?parent=374"}],"wp:term":[{"taxonomy":"category","embeddable":true,"href":"https:\/\/yvanleclerc.org\/index.php\/wp-json\/wp\/v2\/categories?post=374"},{"taxonomy":"post_tag","embeddable":true,"href":"https:\/\/yvanleclerc.org\/index.php\/wp-json\/wp\/v2\/tags?post=374"}],"curies":[{"name":"wp","href":"https:\/\/api.w.org\/{rel}","templated":true}]}}