{"id":365,"date":"2025-05-29T22:54:19","date_gmt":"2025-05-29T20:54:19","guid":{"rendered":"https:\/\/yvanleclerc.org\/?p=365"},"modified":"2025-07-28T22:00:38","modified_gmt":"2025-07-28T20:00:38","slug":"au-lycee-victor-hugo-poitiers-1967-1968","status":"publish","type":"post","link":"https:\/\/yvanleclerc.org\/index.php\/2025\/05\/29\/au-lycee-victor-hugo-poitiers-1967-1968\/","title":{"rendered":"Au lyc\u00e9e Victor-Hugo, Poitiers, 1967-1968"},"content":{"rendered":"\n<p><\/p>\n\n\n\n<p>Des ami(e)s de jeunesse reviennent. Le site a favoris\u00e9 ce retour. Alors, je leur envoie ce texte, \u00e9crit \u00e0 une \u00e9poque o\u00f9 s&#8217;est constitu\u00e9e une association d&#8217;anciens \u00e9l\u00e8ves. On demandait un t\u00e9moignage, pour un Livre d&#8217;or. Voici ce que j&#8217;avais \u00e9crit, il y a quelques ann\u00e9es.<\/p>\n\n\n\n<p>J\u2019ai \u00e9t\u00e9 \u00e9l\u00e8ve au lyc\u00e9e Victor Hugo entre 1966 et 1969. Avec une particularit\u00e9&nbsp;: j\u2019\u00e9tais l\u2019un des trois gar\u00e7ons dans ce lyc\u00e9e de filles, qui commen\u00e7ait \u00e0 s\u2019ouvrir \u00e0 la mixit\u00e9 par l\u2019enseignement du russe. Sur les deux photos de classe que j\u2019ai retrouv\u00e9es, je constate que les gar\u00e7ons n\u2019\u00e9taient pas astreints \u00e0 porter la blouse\u2026<\/p>\n\n\n\n<p>La premi\u00e8re photo est celle de la classe de 1re A5 (1967-1968). Au dos, j\u2019avais \u00e9crit les noms de toutes les \u00e9l\u00e8ves. Les voici, de haut en bas, et de gauche \u00e0 droite&nbsp;:<br>Marie-Paule G\u00e9ron, Dani\u00e8le Gadeau, Josiane Bellaud, Jacqueline Faucherault, Lydia Hav\u00e8s, Gis\u00e8le Puisais, moi (bien entour\u00e9), Christine Paulini, Mireille Gaillard, Christiane Beyel, Marinette Marcireau, Anne Sithavaja, Monique Renaud. J\u2019ai not\u00e9 aussi que manquaient sur la photo, ce jour-l\u00e0, Eve Boujac et Anne Rousseau.<\/p>\n\n\n\n<p>A pr\u00e8s de quarante ans de distance, ces noms ont conserv\u00e9 une musicalit\u00e9 particuli\u00e8re, m\u00eame si j\u2019aurais parfois du mal \u00e0 associer \u00e0 tel ou tel nom un caract\u00e8re, une histoire, des sentiments.<\/p>\n\n\n\n<p>La deuxi\u00e8me photo, prise devant l\u2019arbre de la cour (existe-t-il toujours&nbsp;?) date de l\u2019ann\u00e9e suivante, la classe de philo (A2A5) de l\u2019ann\u00e9e 1968-1969. Toujours de haut en bas, et de gauche \u00e0 droite (certains pr\u00e9noms manquent, je ne m\u2019explique pas pourquoi)&nbsp;:<br>Monique Poupard, Anne Rousseau, encore moi, Philippe Beaulieu, Fr\u00e9d\u00e9rique Gourdon, Rosemonde Gagneux, Brigitte F\u00e9ty, Jouvanneau, Latu, Claudine Reillat, Elisabeth Pasquier, Mireille Bonnier, Claire Chevalier, Anne M\u00f6rch, Bernadette Paillat, Brigitte Renaud, Jacqueline Faucherault, Gis\u00e8le Puisais, Christine Paulini, Gaillard, Danielle Gadeau, Laurence No\u00ebl, Eve Boujac, Josiane Bellaud, Catherine Pascal, Fran\u00e7oise M\u00e9tais, Jocelyne Andr\u00e9 (d\u00e9l\u00e9gu\u00e9e de la classe&nbsp;!), Catherine Lavergne, Brigitte Morillon, Marinette Marcireau, Marie-Annick Joyaux, Marie-Rose Nouaillaguet.<\/p>\n\n\n\n<p>Un peu perdu au milieu de toutes ces filles, j\u2019ai appris en leur compagnie quelque chose qui m\u2019a beaucoup aid\u00e9 dans ma vie personnelle et professionnelle&nbsp;: l\u2019\u00e9galit\u00e9 absolue entre les sexes.<\/p>\n\n\n\n<p>Les souvenirs les plus forts de ces ann\u00e9es se rapportent au th\u00e9\u00e2tre. Pendant l\u2019ann\u00e9e de seconde, notre petite troupe, dirig\u00e9e par France Pesnot, avait mont\u00e9 <em>Le Malade imaginaire<\/em> (comme seul gar\u00e7on, j\u2019\u00e9tais bien s\u00fbr Argan). La repr\u00e9sentation aurait d\u00fb avoir lieu en mai 68, mais le spectacle s\u2019\u00e9tait transport\u00e9 dans la rue. L\u2019ann\u00e9e suivante, nous avons mont\u00e9 <em>Electre<\/em> de Giraudoux, avec une distribution masculine plus \u00e9toff\u00e9e, recrut\u00e9e parmi les \u00e9l\u00e8ves d\u2019Henri&nbsp;IV. J\u2019ai retrouv\u00e9 quelques photos&nbsp;: pendant une r\u00e9p\u00e9tition, pendant la repr\u00e9sentation et le salut final. J\u2019ai aussi conserv\u00e9 un programme, des articles de presse. Cette aventure collective (je jouais le r\u00f4le du mendiant, un r\u00f4le tr\u00e8s long que j\u2019avais pass\u00e9 l\u2019ann\u00e9e \u00e0 apprendre, au lieu de pr\u00e9parer mon bac) nous a tous profond\u00e9ment marqu\u00e9s. Quand je regarde ces photos, je me dis que c\u2019est l\u00e0 ce que nous avons eu de meilleur.<\/p>\n\n\n\n<p>Photo de classe 1967<\/p>\n\n\n\n<figure class=\"wp-block-image size-large is-resized\"><img loading=\"lazy\" decoding=\"async\" width=\"773\" height=\"1024\" src=\"https:\/\/yvanleclerc.org\/wp-content\/uploads\/2025\/05\/lycee_1967-1-773x1024.jpg\" alt=\"\" class=\"wp-image-368\" style=\"width:643px;height:auto\" srcset=\"https:\/\/yvanleclerc.org\/wp-content\/uploads\/2025\/05\/lycee_1967-1-773x1024.jpg 773w, https:\/\/yvanleclerc.org\/wp-content\/uploads\/2025\/05\/lycee_1967-1-227x300.jpg 227w, https:\/\/yvanleclerc.org\/wp-content\/uploads\/2025\/05\/lycee_1967-1-768x1017.jpg 768w, https:\/\/yvanleclerc.org\/wp-content\/uploads\/2025\/05\/lycee_1967-1-1160x1536.jpg 1160w, https:\/\/yvanleclerc.org\/wp-content\/uploads\/2025\/05\/lycee_1967-1.jpg 1500w\" sizes=\"auto, (max-width: 773px) 100vw, 773px\" \/><\/figure>\n\n\n\n<p>Photo de classe 1968<\/p>\n\n\n\n<figure class=\"wp-block-image size-large is-resized\"><img loading=\"lazy\" decoding=\"async\" width=\"1024\" height=\"759\" src=\"https:\/\/yvanleclerc.org\/wp-content\/uploads\/2025\/05\/lycee_1968-1-1024x759.jpg\" alt=\"\" class=\"wp-image-369\" style=\"width:639px;height:auto\" srcset=\"https:\/\/yvanleclerc.org\/wp-content\/uploads\/2025\/05\/lycee_1968-1-1024x759.jpg 1024w, https:\/\/yvanleclerc.org\/wp-content\/uploads\/2025\/05\/lycee_1968-1-300x222.jpg 300w, https:\/\/yvanleclerc.org\/wp-content\/uploads\/2025\/05\/lycee_1968-1-768x569.jpg 768w, https:\/\/yvanleclerc.org\/wp-content\/uploads\/2025\/05\/lycee_1968-1.jpg 1500w\" sizes=\"auto, (max-width: 1024px) 100vw, 1024px\" \/><\/figure>\n\n\n\n<p><\/p>\n\n\n\n<p><\/p>\n\n\n\n<p><\/p>\n","protected":false},"excerpt":{"rendered":"<p>Des ami(e)s de jeunesse reviennent. Le site a favoris\u00e9 ce retour. Alors, je leur envoie ce texte, \u00e9crit \u00e0 une \u00e9poque o\u00f9 s&#8217;est constitu\u00e9e une association d&#8217;anciens \u00e9l\u00e8ves. On demandait un t\u00e9moignage, pour un Livre d&#8217;or. Voici ce que j&#8217;avais \u00e9crit, il y a quelques ann\u00e9es. J\u2019ai \u00e9t\u00e9 \u00e9l\u00e8ve au lyc\u00e9e Victor Hugo entre 1966 [&hellip;]<\/p>\n","protected":false},"author":2,"featured_media":0,"comment_status":"closed","ping_status":"closed","sticky":false,"template":"","format":"standard","meta":{"footnotes":""},"categories":[2,19],"tags":[],"class_list":["post-365","post","type-post","status-publish","format-standard","hentry","category-je","category-memo"],"_links":{"self":[{"href":"https:\/\/yvanleclerc.org\/index.php\/wp-json\/wp\/v2\/posts\/365","targetHints":{"allow":["GET"]}}],"collection":[{"href":"https:\/\/yvanleclerc.org\/index.php\/wp-json\/wp\/v2\/posts"}],"about":[{"href":"https:\/\/yvanleclerc.org\/index.php\/wp-json\/wp\/v2\/types\/post"}],"author":[{"embeddable":true,"href":"https:\/\/yvanleclerc.org\/index.php\/wp-json\/wp\/v2\/users\/2"}],"replies":[{"embeddable":true,"href":"https:\/\/yvanleclerc.org\/index.php\/wp-json\/wp\/v2\/comments?post=365"}],"version-history":[{"count":2,"href":"https:\/\/yvanleclerc.org\/index.php\/wp-json\/wp\/v2\/posts\/365\/revisions"}],"predecessor-version":[{"id":517,"href":"https:\/\/yvanleclerc.org\/index.php\/wp-json\/wp\/v2\/posts\/365\/revisions\/517"}],"wp:attachment":[{"href":"https:\/\/yvanleclerc.org\/index.php\/wp-json\/wp\/v2\/media?parent=365"}],"wp:term":[{"taxonomy":"category","embeddable":true,"href":"https:\/\/yvanleclerc.org\/index.php\/wp-json\/wp\/v2\/categories?post=365"},{"taxonomy":"post_tag","embeddable":true,"href":"https:\/\/yvanleclerc.org\/index.php\/wp-json\/wp\/v2\/tags?post=365"}],"curies":[{"name":"wp","href":"https:\/\/api.w.org\/{rel}","templated":true}]}}