{"id":360,"date":"2025-05-29T22:43:17","date_gmt":"2025-05-29T20:43:17","guid":{"rendered":"https:\/\/yvanleclerc.org\/?p=360"},"modified":"2025-05-29T22:43:46","modified_gmt":"2025-05-29T20:43:46","slug":"pere","status":"publish","type":"post","link":"https:\/\/yvanleclerc.org\/index.php\/2025\/05\/29\/pere\/","title":{"rendered":"P\u00e8re"},"content":{"rendered":"\n<p><\/p>\n\n\n\n<h3 class=\"wp-block-heading\">(pastiche de Thomas Bernhard)<\/h3>\n\n\n\n<p>\u00catre p\u00e8re pour se prouver qu\u2019on est un mauvais p\u00e8re, ou pour lutter contre le d\u00e9terminisme d\u2019\u00eatre le fils d\u2019un mauvais p\u00e8re devenant \u00e0 son tour un p\u00e8re pitoyable, r\u00e9p\u00e9tant \u00e0 la g\u00e9n\u00e9ration d\u2019apr\u00e8s l\u2019\u00e9chec de la paternit\u00e9, dans une rivalit\u00e9 mim\u00e9tique avec le p\u00e8re, avec la conviction qu\u2019on ne peut pas faire plus mal que lui mais sans la certitude de faire mieux, et toujours obs\u00e9d\u00e9 par le mod\u00e8le, ou l\u2019anti-mod\u00e8le du p\u00e8re qu\u2019on n\u2019a pas eu, qu\u2019on ne voudrait pas \u00eatre,\u00a0 ne parvenant pas \u00e0 se d\u00e9gager de l\u2019emprise mim\u00e9tique, \u00e9crivant ceci pendant que les enfants se battent, quittant les enfants r\u00e9els pour \u00e9crire \u00e0 propos des enfants imaginaires, multipliant les paternit\u00e9s une fois, deux fois, trois fois, quatre fois, ou plut\u00f4t deux fois deux fois, comme il disait pour faire comprendre sa double vie, ou plut\u00f4t ses deux vies cons\u00e9cutives, maudissant la paternit\u00e9, le temps que \u00e7a lui prenait et en m\u00eame temps trouvant en elle l\u2019\u00e9nergie de vivre en se d\u00e9passant dans un autre que lui, t\u00e2chant de r\u00e9aliser qu\u2019il \u00e9tait p\u00e8re, de devenir un p\u00e8re r\u00e9el, ne r\u00e9ussissant \u00e0 la fin qu\u2019\u00e0 \u00eatre un p\u00e8re-copain, un p\u00e8re-camarade, un p\u00e8re-pitre, un p\u00e8re en pire, ratant la paternit\u00e9 comme son p\u00e8re mais en cela sup\u00e9rieur \u00e0 lui parce que le sachant.<\/p>\n","protected":false},"excerpt":{"rendered":"<p>(pastiche de Thomas Bernhard) \u00catre p\u00e8re pour se prouver qu\u2019on est un mauvais p\u00e8re, ou pour lutter contre le d\u00e9terminisme d\u2019\u00eatre le fils d\u2019un mauvais p\u00e8re devenant \u00e0 son tour un p\u00e8re pitoyable, r\u00e9p\u00e9tant \u00e0 la g\u00e9n\u00e9ration d\u2019apr\u00e8s l\u2019\u00e9chec de la paternit\u00e9, dans une rivalit\u00e9 mim\u00e9tique avec le p\u00e8re, avec la conviction qu\u2019on ne peut [&hellip;]<\/p>\n","protected":false},"author":2,"featured_media":0,"comment_status":"closed","ping_status":"closed","sticky":false,"template":"","format":"standard","meta":{"footnotes":""},"categories":[4,25],"tags":[],"class_list":["post-360","post","type-post","status-publish","format-standard","hentry","category-fictions","category-fragments"],"_links":{"self":[{"href":"https:\/\/yvanleclerc.org\/index.php\/wp-json\/wp\/v2\/posts\/360","targetHints":{"allow":["GET"]}}],"collection":[{"href":"https:\/\/yvanleclerc.org\/index.php\/wp-json\/wp\/v2\/posts"}],"about":[{"href":"https:\/\/yvanleclerc.org\/index.php\/wp-json\/wp\/v2\/types\/post"}],"author":[{"embeddable":true,"href":"https:\/\/yvanleclerc.org\/index.php\/wp-json\/wp\/v2\/users\/2"}],"replies":[{"embeddable":true,"href":"https:\/\/yvanleclerc.org\/index.php\/wp-json\/wp\/v2\/comments?post=360"}],"version-history":[{"count":1,"href":"https:\/\/yvanleclerc.org\/index.php\/wp-json\/wp\/v2\/posts\/360\/revisions"}],"predecessor-version":[{"id":361,"href":"https:\/\/yvanleclerc.org\/index.php\/wp-json\/wp\/v2\/posts\/360\/revisions\/361"}],"wp:attachment":[{"href":"https:\/\/yvanleclerc.org\/index.php\/wp-json\/wp\/v2\/media?parent=360"}],"wp:term":[{"taxonomy":"category","embeddable":true,"href":"https:\/\/yvanleclerc.org\/index.php\/wp-json\/wp\/v2\/categories?post=360"},{"taxonomy":"post_tag","embeddable":true,"href":"https:\/\/yvanleclerc.org\/index.php\/wp-json\/wp\/v2\/tags?post=360"}],"curies":[{"name":"wp","href":"https:\/\/api.w.org\/{rel}","templated":true}]}}