{"id":338,"date":"2025-05-29T21:43:50","date_gmt":"2025-05-29T19:43:50","guid":{"rendered":"https:\/\/yvanleclerc.org\/?p=338"},"modified":"2025-05-29T21:44:51","modified_gmt":"2025-05-29T19:44:51","slug":"monde-galop-dessai-2012","status":"publish","type":"post","link":"https:\/\/yvanleclerc.org\/index.php\/2025\/05\/29\/monde-galop-dessai-2012\/","title":{"rendered":"Monde (galop d\u2019essai, 2012)"},"content":{"rendered":"\n<p><\/p>\n\n\n\n<p>C\u2019est maintenant, aujourd\u2019hui, tout de suite, qu\u2019il faut oser. Avant aujourd\u2019hui, hier, avant-hier, non, trop jeune, pas assez v\u00e9cu, pas d\u2019exp\u00e9rience, trop \u00e9pris de lui, de son petit monde. Et demain, l\u2019\u00e2ge arrive, le temps en acc\u00e9l\u00e9r\u00e9, plus tu avances et plus \u00e7a va vite, on ne sait pas bien expliquer pourquoi, enfant les jours ne passaient pas, les vacances duraient, duraient, tant qu\u2019\u00e0 la fin on s\u2019ennuyait presque, on attendait que \u00e7a finisse avec la rentr\u00e9e, et en avan\u00e7ant, le mouvement s\u2019acc\u00e9l\u00e8re sur la vie en pente de plus en plus, entre les deux temps c\u2019est le moment d\u2019oser mettre le monde debout et de se mettre soi debout au milieu du monde, et le monde bien carr\u00e9 dans la t\u00eate.<\/p>\n\n\n\n<p>Quand ils passaient sur le pont, le petit \u00e0 l\u2019arri\u00e8re, le vieux d\u2019un geste lui montrait immanquablement la pointe de la cath\u00e9drale \u00e9clair\u00e9e sur fond de nuit, et le petit disait immanquablement c\u2019est le monde entier. Et le vieux lui r\u00e9pondait le monde c\u2019est bien plus grand. L\u00e0, tu vois un petit bout de monde. Une fois, deux fois, le petit n\u2019avait rien r\u00e9pondu, mais il avait d\u00fb r\u00e9fl\u00e9chir dans sa t\u00eate qui portait le monde entier, puisqu\u2019un jour il avait sorti une phrase toute faite, bien pens\u00e9e, bien articul\u00e9e, bien construite, bien ac\u00e9r\u00e9e comme la pointe de la cath\u00e9drale si c\u2019est pas le monde entier, c\u2019est quand m\u00eame une grande partie. Et \u00e0 \u00e7a, qui \u00e9tait une \u00e9vidence, le vieux n\u2019avait pas su quoi r\u00e9pondre. Apr\u00e8s, le petit avait grandi, et quand ils passaient tous les deux sur le pont, il ne disait plus rien, ou seulement parfois avec un accent pu\u00e9ril qui r\u00e9veillait les jours, le vieux racontait ce qu\u2019il disait au petit et ce que le petit lui r\u00e9pondait, et le petit devenu grand ne disait rien.<\/p>\n","protected":false},"excerpt":{"rendered":"<p>C\u2019est maintenant, aujourd\u2019hui, tout de suite, qu\u2019il faut oser. Avant aujourd\u2019hui, hier, avant-hier, non, trop jeune, pas assez v\u00e9cu, pas d\u2019exp\u00e9rience, trop \u00e9pris de lui, de son petit monde. Et demain, l\u2019\u00e2ge arrive, le temps en acc\u00e9l\u00e9r\u00e9, plus tu avances et plus \u00e7a va vite, on ne sait pas bien expliquer pourquoi, enfant les jours [&hellip;]<\/p>\n","protected":false},"author":2,"featured_media":0,"comment_status":"closed","ping_status":"closed","sticky":false,"template":"","format":"standard","meta":{"footnotes":""},"categories":[4,25],"tags":[],"class_list":["post-338","post","type-post","status-publish","format-standard","hentry","category-fictions","category-fragments"],"_links":{"self":[{"href":"https:\/\/yvanleclerc.org\/index.php\/wp-json\/wp\/v2\/posts\/338","targetHints":{"allow":["GET"]}}],"collection":[{"href":"https:\/\/yvanleclerc.org\/index.php\/wp-json\/wp\/v2\/posts"}],"about":[{"href":"https:\/\/yvanleclerc.org\/index.php\/wp-json\/wp\/v2\/types\/post"}],"author":[{"embeddable":true,"href":"https:\/\/yvanleclerc.org\/index.php\/wp-json\/wp\/v2\/users\/2"}],"replies":[{"embeddable":true,"href":"https:\/\/yvanleclerc.org\/index.php\/wp-json\/wp\/v2\/comments?post=338"}],"version-history":[{"count":1,"href":"https:\/\/yvanleclerc.org\/index.php\/wp-json\/wp\/v2\/posts\/338\/revisions"}],"predecessor-version":[{"id":339,"href":"https:\/\/yvanleclerc.org\/index.php\/wp-json\/wp\/v2\/posts\/338\/revisions\/339"}],"wp:attachment":[{"href":"https:\/\/yvanleclerc.org\/index.php\/wp-json\/wp\/v2\/media?parent=338"}],"wp:term":[{"taxonomy":"category","embeddable":true,"href":"https:\/\/yvanleclerc.org\/index.php\/wp-json\/wp\/v2\/categories?post=338"},{"taxonomy":"post_tag","embeddable":true,"href":"https:\/\/yvanleclerc.org\/index.php\/wp-json\/wp\/v2\/tags?post=338"}],"curies":[{"name":"wp","href":"https:\/\/api.w.org\/{rel}","templated":true}]}}