{"id":322,"date":"2025-05-26T08:44:21","date_gmt":"2025-05-26T06:44:21","guid":{"rendered":"https:\/\/yvanleclerc.org\/?p=322"},"modified":"2025-05-29T21:39:40","modified_gmt":"2025-05-29T19:39:40","slug":"choses-qui-mettent-la-larme-a-loeil-ou-choses-qui-emeuvent","status":"publish","type":"post","link":"https:\/\/yvanleclerc.org\/index.php\/2025\/05\/26\/choses-qui-mettent-la-larme-a-loeil-ou-choses-qui-emeuvent\/","title":{"rendered":"Choses qui"},"content":{"rendered":"\n<p><\/p>\n\n\n\n<p><\/p>\n\n\n\n<h2 class=\"wp-block-heading\">Choses qui mettent la larme \u00e0 l\u2019\u0153il ou choses qui \u00e9meuvent <\/h2>\n\n\n\n<p><em>Robert de Niro, 81 ans, re\u00e7oit une Palme d\u2019honneur \u00e0 Cannes en 2025<\/em>. <a href=\"https:\/\/www.lemonde.fr\/culture\/article\/2025\/05\/15\/cannes-2025-robert-de-niro-un-vieux-rebelle-sur-la-croisette_6606192_3246.html\" data-type=\"link\" data-id=\"https:\/\/www.lemonde.fr\/culture\/article\/2025\/05\/15\/cannes-2025-robert-de-niro-un-vieux-rebelle-sur-la-croisette_6606192_3246.html\">Voir la vid\u00e9o<\/a>.<\/p>\n\n\n\n<p>On crut le voir, la veille, pendant la remise de sa Palme d\u2019honneur par Leonardo DiCaprio, retenir d\u00e9licatement une larme. Rictus indulgent&nbsp;:&nbsp;<em>\u00ab&nbsp;Que voulez-vous, il y a des moments o\u00f9 on devient sentimental. Je ne sais pas si j\u2019ai pleur\u00e9. Peut-\u00eatre, un peu, j\u2019\u00e9tais \u00e9mu, comment ne pas l\u2019\u00eatre&nbsp;?&nbsp;\u00bb<\/em><\/p>\n\n\n\n<p><em>Chansons<\/em><\/p>\n\n\n\n<p>Barbara, \u00ab&nbsp;Il pleut sur Nantes&nbsp;\u00bb, surtout depuis que je connais l\u2019inspiration autobiographique des paroles.<\/p>\n\n\n\n<p>Brel, \u00ab&nbsp;Ne me quitte pas&nbsp;\u00bb, bien s\u00fbr, quand on arrive \u00e0 ce sommet&nbsp;: \u00ab&nbsp;l\u2019ombre de ton ombre, l\u2019ombre de ton chien&nbsp;\u00bb.<\/p>\n\n\n\n<p>Les chansons de pauvres, comme \u00ab&nbsp;Mon vieux&nbsp;\u00bb de Daniel Guichard ou \u00ab&nbsp;Les vacances au bord de la mer&nbsp;\u00bb de Michel Jonasz.<\/p>\n\n\n\n<p>Berthe Sylva, parce que ma m\u00e8re \u00e9coutait ses disques en boucle sur un vieux Tezza qui crachait, en me racontant son histoire (celle de B.S., mais aussi la sienne \u00e0 ma m\u00e8re), ses mis\u00e8res, le mouchoir f\u00e9tiche qu\u2019elle avait toujours \u00e0 la main quand elle \u00e9tait sur sc\u00e8ne), et particuli\u00e8rement \u00ab&nbsp;Les roses blanches&nbsp;\u00bb. Id\u00e9e d\u2019\u00e9crire un jour une vie de Berthe Sylva. Par chance, on a ressorti ses chansons en CD. &nbsp;<\/p>\n\n\n\n<p><em>\u00c9v\u00e9nements<\/em><\/p>\n\n\n\n<p>Un otage qu\u2019on lib\u00e8re, et les embrassades sur le tarmac.<\/p>\n\n\n\n<p>Des paroles justes lors d\u2019un enterrement, un proche qui joue de la musique, m\u00eame mal, surtout mal (fun\u00e9railles de Daniel Anger, 24&nbsp;juin 2011).<\/p>\n\n\n\n<p>Pendant le Giro 2011, un coureur cycliste se tue. Le lendemain, les autres coureurs laissent gagner son \u00e9quipe, qui arrive group\u00e9e sur la ligne. Ce qui \u00e9meut&nbsp;: le geste, le panache, l\u2019affirmation de la solidarit\u00e9 de corps, de destin. &nbsp;<\/p>\n\n\n\n<p>Les derni\u00e8res lettres des r\u00e9sistants qu\u2019on va fusiller. En voulant rendre sa lecture obligatoire dans les \u00e9coles, Sarkozy nous a g\u00e2ch\u00e9 la belle lettre de Guy M\u00f4quet.<\/p>\n\n\n\n<p>Les Justes, les h\u00e9ros ordinaires qui refusent le nom de h\u00e9ros et en cela le sont, qui refusent l\u2019honneur d\u2019une m\u00e9daille ou m\u00eame d\u2019une citation, parce qu\u2019ils ont fait ce qu\u2019ils avaient \u00e0 faire, simplement, et que tout le monde, supposent-ils, aurait fait la m\u00eame chose \u00e0 leur place. &nbsp;<\/p>\n\n\n\n<p>Les retrouvailles, cinquante ans apr\u00e8s, d\u2019un parent, d\u2019un ami qu\u2019on croyait mort ou perdu. Internet op\u00e8re de ces miracles.<\/p>\n\n\n\n<p>Les bouquets de fleurs (surtout les fleurs artificielles) attach\u00e9s sur des poteaux au bord des routes.<\/p>\n\n\n\n<p>Les fleurs s\u00e9ch\u00e9es, surtout les lilas de mer, celles que les romanichels vendaient au Crotoy, et les roses blanches, \u00e0 cause de la m\u00e8re. &nbsp;<\/p>\n\n\n\n<p>\u00ab&nbsp;Tous les enfants qui passent me la rappellent. Et mon pauvre petit Jacques aussi, dont je ne verrai point les premiers pas sur le sable. Je crois comme tu me l\u2019\u00e9cris, qu\u2019il sera tr\u00e8s doux et tr\u00e8s affectueux. Chaque fois que je pense \u00e0 lui, je le vois d\u00e9tourner la t\u00eate de son petit air timide. Et cela m\u2019emplit d\u2019une telle \u00e9motion, que les larmes m\u2019en viennent aux yeux&nbsp;\u00bb (lettre d\u2019\u00c9mile Zola \u00e0 Jeanne Rozerot, 16&nbsp;ao\u00fbt 1892, Zola, <em>Correspondance<\/em>, \u00e9d. Alain Pag\u00e8s, GF-Flammarion, 2012, p.&nbsp;267).<\/p>\n\n\n\n<p>Les petites tombes d\u2019enfants dans les cimeti\u00e8res, si petites pour la taille d\u2019un corps d\u2019enfant (avec Jean, au cimeti\u00e8re d\u2019un village normand, pendant des noces, ao\u00fbt 2012). &nbsp;<\/p>\n\n\n\n<p>\u00c0 la cantine de la Teste-de-Buch dans le bassin d\u2019Arcachon (\u00e0 20 ans, j\u2019y \u00e9tais moniteur dans une colonie de vacances\u2026), on sert un <em>menu de substitution<\/em> aux enfants dont les parents n\u2019ont pas les moyens de payer la cantine (entendu \u00e0 la radio le 29&nbsp;mars 2017).<\/p>\n\n\n\n<p>H\u00e9l\u00e8ne Le&nbsp;Touzey, abandonnant tout pour vivre \u00e0 c\u00f4t\u00e9 de son fils Micha\u00ebl Blanc, d\u00e9tenu pendant 19&nbsp;ans en Indon\u00e9sie (23&nbsp;juillet 2018).<\/p>\n\n\n\n<p>\u00c0 Mati, pour fuir les flammes, \u00ab&nbsp;Lela Demertzi, 53 ans, a port\u00e9 sur son dos \u00e0 la plage sa m\u00e8re souffrante&nbsp;\u00bb (<em>Nouvel Obs<\/em>, en ligne, 25&nbsp;juillet 2018). Le pr\u00e9sent percute l\u2019antique, l\u2019actualit\u00e9 rejoue le mythe&nbsp;: cette femme grecque retrouve le geste d\u2019\u00c9n\u00e9e, fuyant Troie en prenant sur son dos son vieux p\u00e8re Anchise. &nbsp;<\/p>\n\n\n\n<p>Une grand-m\u00e8re en gilet jaune qui se demande si elle va pouvoir acheter des cadeaux de No\u00ebl \u00e0 ses petits-enfants (fin de novembre 2018).<\/p>\n\n\n\n<p>Le t\u00e9moignage de la m\u00e8re de Samuel Paty&nbsp;: \u00ab&nbsp;Son p\u00e8re, qui lui racontait l\u2019histoire de France le soir, au lit, quand il \u00e9tait enfant, a m\u00eame \u00e9t\u00e9 son professeur en classes de CM1&nbsp;et de CM2.&nbsp;<em>\u00ab&nbsp;Samuel \u00e9tait tr\u00e8s respectueux, il l\u2019appelait \u201cma\u00eetre\u201d en cours&nbsp;\u00bb<\/em>, sourit Bernadette Paty.&nbsp;\u00bb (Le Monde, 9 novembre 2024).<\/p>\n\n\n\n<p><\/p>\n\n\n\n<h2 class=\"wp-block-heading\"><strong>Choses que je ne sais pas, que je n\u2019ai jamais sues et que je d\u00e9sesp\u00e8re d\u2019apprendre un jour<\/strong><\/h2>\n\n\n\n<p>Les signes du zodiaque, dans l\u2019ordre, avec la p\u00e9riode de l\u2019ann\u00e9e.<\/p>\n\n\n\n<p>Le genre grammatical des mots <em>ob\u00e9lisque<\/em>, <em>ast\u00e9risque<\/em>, <em>\u00e9pitaphe<\/em>, <em>\u00e9pigraphe<\/em>, <em>exergue<\/em>.<\/p>\n\n\n\n<p>L\u2019orthographe de nombreux mots \u00e0 double consonne.<\/p>\n\n\n\n<p>Retenir et reconna\u00eetre un air de musique classique.<\/p>\n\n\n\n<p>Les tables de multiplication apr\u00e8s 5.<\/p>\n\n\n\n<p>Mon num\u00e9ro de s\u00e9curit\u00e9 sociale, mes num\u00e9ros de t\u00e9l\u00e9phone et de plaque d\u2019immatriculation, m\u00eame en recourant \u00e0 des moyens mn\u00e9motechniques, car alors j\u2019oublie la combinaison qui devrait soutenir la m\u00e9moire. Par exemple l\u2019immatriculation de ma voiture actuelle est compos\u00e9e d\u2019un nombre \u00e0 quatre chiffres comportant les deux chiffres de mon ann\u00e9e de naissance pr\u00e9c\u00e9d\u00e9s de ces m\u00eames chiffres invers\u00e9s, puis deux lettres, les initiales de mon pr\u00e9nom et celui de mon p\u00e8re, et le num\u00e9ro du d\u00e9partement, qu\u2019au moins je retiens. J\u2019ai r\u00e9ussi \u00e0 retenir mon code secret de carte bancaire car il est tr\u00e8s simple, trop simple d\u2019apr\u00e8s les normes actuelles de s\u00e9curit\u00e9. Peur quand je perds ma carte bancaire, non de l\u2019avoir perdue, mais de devoir retenir un nouveau code.<\/p>\n\n\n\n<p>Les mois qui ont 31&nbsp;jours&nbsp;: je dois compter sur les bosses des doigts.<\/p>\n\n\n\n<p>Deux lettres qui se suivent dans l\u2019alphabet&nbsp;: je dois reprendre la r\u00e9citation depuis le d\u00e9but.<\/p>\n\n\n\n<p><\/p>\n\n\n\n<h2 class=\"wp-block-heading\"><strong>Choses qui font plaisir<\/strong><\/h2>\n\n\n\n<p>Retrouver une chose qu\u2019on croyait perdue.<\/p>\n\n\n\n<p>Perdre une chose dont on ne savait pas comment se d\u00e9barrasser.<\/p>\n\n\n\n<p>Un ami qui arrive exactement apr\u00e8s qu\u2019on a tourn\u00e9 la derni\u00e8re page d\u2019un livre si passionnant qu\u2019on ne l\u2019aurait interrompu \u00e0 aucun prix.<\/p>\n\n\n\n<p>Un ami, un amour qu\u2019on a beaucoup attendu et qui arrive quand on ne l\u2019attend plus.<\/p>\n\n\n\n<p>Dans le beau livre de Fran\u00e7oise H\u00e9ritier, <em>Le Sel de la vie<\/em>, Odile Jacob, 2012, je pr\u00e9l\u00e8ve quelques-uns des \u00e9v\u00e9nements o\u00f9 je me reconnais. C\u2019est la force de ce livre d\u2019\u00eatre \u00e0 la fois tr\u00e8s personnel et universel&nbsp;: parce qu\u2019il est simple et humain, tout lecteur peut constituer sa propre petite anthologie. Voici la mienne, avec un renvoi \u00e0 la page&nbsp;:<\/p>\n\n\n\n<p><em>La sieste \u00e0 l\u2019ombre (16), prendre les chemins c\u00f4tiers un jour de grand vent (19), faire le vide dans ses placards (25), d\u00e9coller en avion ou atterrir (28), faire se refl\u00e9ter sous le menton le jaune des boutons d\u2019or (40), passer une nuit blanche pour veiller le premier mort dans sa famille (45), marcher dans la mer (<\/em>id.<em>), ne plus avoir mal aux dents (ou nulle part ailleurs) (46), ne pas parvenir \u00e0 se souvenir d\u2019histoires dr\u00f4les (47), cueillir des m\u00fbres (51), redonner vie aux morts en parlant d\u2019eux (57), conna\u00eetre quelqu\u2019un de si indiff\u00e9rent au quotidien qu\u2019il doit regarder par la fen\u00eatre si on lui demande au t\u00e9l\u00e9phone s\u2019il fait beau ou s\u2019il pleut (58), se plaire dans l\u2019atmosph\u00e8re des cimeti\u00e8res des petites villes \u00e0 la Toussaint, d\u00e9tester la r\u00e9sistance des objets et des choses inertes, imaginer les gens \u00e0 partir de leur voix (64), se souvenir d\u2019avoir aim\u00e9 les films de Fran\u00e7ois Truffaut et la voix si particuli\u00e8re de Delphine Seyrig (70).<\/em><\/p>\n\n\n\n<p>Nager dans la mer, face au soleil, les yeux ferm\u00e9s. Sentiment d\u2019\u00e9ternit\u00e9, comme dans le po\u00e8me de Rimbaud&nbsp;: \u00ab&nbsp;Elle est retrouv\u00e9e.&nbsp;\/ Quoi&nbsp;? \u2014 l\u2019\u00c9ternit\u00e9.&nbsp;\/ C\u2019est la mer all\u00e9e&nbsp;\/ Avec le soleil&nbsp;\u00bb, et sa variante d\u2019<em>Une saison en enfer<\/em>&nbsp;: \u00ab&nbsp;C\u2019est la mer m\u00eal\u00e9e&nbsp;\/ Au soleil&nbsp;\u00bb.<\/p>\n\n\n\n<p>Se r\u00e9veiller naturellement (sans la sonnerie d\u2019un appareil) vers 4 ou 5&nbsp;heures du matin, l\u2019esprit lucide (un ou deux caf\u00e9s la veille), travailler en pensant que les autres dorment encore, et se rendormir sur le matin, avec la bonne conscience du devoir accompli, au moment o\u00f9 les autres se r\u00e9veillent.<\/p>\n\n\n\n<p><\/p>\n\n\n\n<p><\/p>\n\n\n\n<h2 class=\"wp-block-heading\"><strong>Choses qu\u2019on perd<\/strong><\/h2>\n\n\n\n<p>Perdre ses papiers d\u2019identit\u00e9<\/p>\n\n\n\n<p>Ce ne sont pas ses papiers qu\u2019on perd, c\u2019est son identit\u00e9.<\/p>\n\n\n\n<p>On pense d\u2019abord aux d\u00e9marches, \u00e0 l\u2019attente aux guichets, \u00e0 la paperasse, \u00e0 l\u2019argent que \u00e7a va co\u00fbter. Mais le coup est plus profond&nbsp;: il atteint ce que l\u2019administration ne peut pas rendre&nbsp;: l\u2019\u00eatre, le nom qui n\u2019est pas seulement \u00e9crit sur un papier, le visage sous la photo anthropom\u00e9trique.<\/p>\n\n\n\n<p>On se souvient des moments ant\u00e9rieurs o\u00f9 l\u2019on a perdu ses papiers&nbsp;: des p\u00e9riodes de grande fragilit\u00e9, de mutations, de ruptures, comme si la perte \u00e9quivalait \u00e0 une mue, \u00e0 un changement de peau.<\/p>\n\n\n\n<p>Et justement, on venait de scanner tous ces papiers, sur le conseil d\u2019un ami&nbsp;: garder une trace, un num\u00e9ro, permet de les refaire plus vite. On se dit que cette pr\u00e9caution a caus\u00e9 la perte, parce qu\u2019elle autorisait une moindre vigilance en posant un filet de s\u00e9curit\u00e9. Un superstitieux dirait qu\u2019on sentait venir&nbsp;; un pragmatique qu\u2019on a baiss\u00e9 la garde apr\u00e8s avoir mis en place une protection.<\/p>\n\n\n\n<p>Tout&nbsp;? par mesure d\u2019\u00e9conomie&nbsp;: le vieux sac \u00e0 main \u00e0 la fermeture fatigu\u00e9, s\u2019ouvrait tout seul. On n\u2019a pas voulu le remplacer, parce que le cuir est cher. Et la mesure d\u2019\u00e9conomie entra\u00eene le double de d\u00e9pense.<\/p>\n\n\n\n<p>Enfin, on retrouve le portefeuille, et tous les papiers dedans. Il \u00e9tait tomb\u00e9 pr\u00e8s du meuble d\u2019entr\u00e9e. Dans une bouff\u00e9e de r\u00e9appropriation, on sent que ce ne sont pas seulement les papiers d\u2019identit\u00e9 qui reviennent. (Janvier 2013.)<\/p>\n\n\n\n<p><\/p>\n\n\n\n<p><\/p>\n","protected":false},"excerpt":{"rendered":"<p>Choses qui mettent la larme \u00e0 l\u2019\u0153il ou choses qui \u00e9meuvent Robert de Niro, 81 ans, re\u00e7oit une Palme d\u2019honneur \u00e0 Cannes en 2025. Voir la vid\u00e9o. On crut le voir, la veille, pendant la remise de sa Palme d\u2019honneur par Leonardo DiCaprio, retenir d\u00e9licatement une larme. Rictus indulgent&nbsp;:&nbsp;\u00ab&nbsp;Que voulez-vous, il y a des moments [&hellip;]<\/p>\n","protected":false},"author":2,"featured_media":0,"comment_status":"closed","ping_status":"closed","sticky":false,"template":"","format":"standard","meta":{"footnotes":""},"categories":[6,30],"tags":[],"class_list":["post-322","post","type-post","status-publish","format-standard","hentry","category-choses","category-choses-qui"],"_links":{"self":[{"href":"https:\/\/yvanleclerc.org\/index.php\/wp-json\/wp\/v2\/posts\/322","targetHints":{"allow":["GET"]}}],"collection":[{"href":"https:\/\/yvanleclerc.org\/index.php\/wp-json\/wp\/v2\/posts"}],"about":[{"href":"https:\/\/yvanleclerc.org\/index.php\/wp-json\/wp\/v2\/types\/post"}],"author":[{"embeddable":true,"href":"https:\/\/yvanleclerc.org\/index.php\/wp-json\/wp\/v2\/users\/2"}],"replies":[{"embeddable":true,"href":"https:\/\/yvanleclerc.org\/index.php\/wp-json\/wp\/v2\/comments?post=322"}],"version-history":[{"count":6,"href":"https:\/\/yvanleclerc.org\/index.php\/wp-json\/wp\/v2\/posts\/322\/revisions"}],"predecessor-version":[{"id":337,"href":"https:\/\/yvanleclerc.org\/index.php\/wp-json\/wp\/v2\/posts\/322\/revisions\/337"}],"wp:attachment":[{"href":"https:\/\/yvanleclerc.org\/index.php\/wp-json\/wp\/v2\/media?parent=322"}],"wp:term":[{"taxonomy":"category","embeddable":true,"href":"https:\/\/yvanleclerc.org\/index.php\/wp-json\/wp\/v2\/categories?post=322"},{"taxonomy":"post_tag","embeddable":true,"href":"https:\/\/yvanleclerc.org\/index.php\/wp-json\/wp\/v2\/tags?post=322"}],"curies":[{"name":"wp","href":"https:\/\/api.w.org\/{rel}","templated":true}]}}