{"id":320,"date":"2025-05-26T08:38:58","date_gmt":"2025-05-26T06:38:58","guid":{"rendered":"https:\/\/yvanleclerc.org\/?p=320"},"modified":"2025-05-29T21:40:47","modified_gmt":"2025-05-29T19:40:47","slug":"cinq-sens","status":"publish","type":"post","link":"https:\/\/yvanleclerc.org\/index.php\/2025\/05\/26\/cinq-sens\/","title":{"rendered":"Cinq sens"},"content":{"rendered":"\n<p><\/p>\n\n\n\n<p>Sa vue perdit un dixi\u00e8me, un autre, jusqu\u2019\u00e0 dix. Cr\u00e9puscule, puis nuit noire.<\/p>\n\n\n\n<p>Mais il entendait encore bien, tout ce qu\u2019on disait, et m\u00eame les mots qui font dire&nbsp;: <em>mieux vaut entendre \u00e7a qu\u2019\u00eatre sourd.<\/em><\/p>\n\n\n\n<p>Quelqu\u2019un demanda de baisser le son. On faisait du bruit de plus en plus loin. Il faisait r\u00e9p\u00e9ter plus fort, toujours plus fort. Il n\u2019entendait plus que des bruits int\u00e9rieurs, des battements, des respirations.<\/p>\n\n\n\n<p>Il pouvait encore toucher, reconna\u00eetre les objets, les gens en suivant les formes.<\/p>\n\n\n\n<p>Puis les mains devinrent moins sensibles au monde.<\/p>\n\n\n\n<p>Il lui restait l\u2019esprit.<\/p>\n\n\n\n<p>Lui aussi s\u2019obscurcit, il devint lent, les mots s\u2019en all\u00e8rent.<\/p>\n\n\n\n<p>Le c\u0153ur l\u00e2cha prise, il battit en retraite, <em>et <\/em><em>les mouvements du c\u0153ur se ralentirent un \u00e0 un \u2012&nbsp;plus vagues chaque fois, plus doux&nbsp;\u2012 comme une fontaine s&#8217;\u00e9puise, comme un \u00e9cho dispara\u00eet.<\/em><\/p>\n\n\n\n<p>Tout vu, entendu de toutes sortes, touch\u00e9 \u00e0 tout, il y en eut pour tous les go\u00fbts, les odeurs, bonnes et mauvaises, tout senti, ressenti.<\/p>\n\n\n\n<p>Dire qu\u2019on a fait le tour.<\/p>\n\n\n\n<p>Pris les sens uniques \u00e0 contre-sens parfois, les sens interdits, les giratoires, les doubles sens.<\/p>\n\n\n\n<p>Il se disait en boucle&nbsp;: le mot sens a plus d\u2019un sens.<\/p>\n\n\n\n<p>Il aurait aim\u00e9 na\u00eetre \u00e0 Sens, et qu\u2019on e\u00fbt invent\u00e9 pour lui cela&nbsp;: <em>Un jeune homme de Sens, et qui en manque<\/em>.<\/p>\n\n\n\n<p>11 mai 2018<\/p>\n","protected":false},"excerpt":{"rendered":"<p>Sa vue perdit un dixi\u00e8me, un autre, jusqu\u2019\u00e0 dix. Cr\u00e9puscule, puis nuit noire. Mais il entendait encore bien, tout ce qu\u2019on disait, et m\u00eame les mots qui font dire&nbsp;: mieux vaut entendre \u00e7a qu\u2019\u00eatre sourd. Quelqu\u2019un demanda de baisser le son. On faisait du bruit de plus en plus loin. Il faisait r\u00e9p\u00e9ter plus fort, [&hellip;]<\/p>\n","protected":false},"author":2,"featured_media":0,"comment_status":"closed","ping_status":"closed","sticky":false,"template":"","format":"standard","meta":{"footnotes":""},"categories":[4,25],"tags":[],"class_list":["post-320","post","type-post","status-publish","format-standard","hentry","category-fictions","category-fragments"],"_links":{"self":[{"href":"https:\/\/yvanleclerc.org\/index.php\/wp-json\/wp\/v2\/posts\/320","targetHints":{"allow":["GET"]}}],"collection":[{"href":"https:\/\/yvanleclerc.org\/index.php\/wp-json\/wp\/v2\/posts"}],"about":[{"href":"https:\/\/yvanleclerc.org\/index.php\/wp-json\/wp\/v2\/types\/post"}],"author":[{"embeddable":true,"href":"https:\/\/yvanleclerc.org\/index.php\/wp-json\/wp\/v2\/users\/2"}],"replies":[{"embeddable":true,"href":"https:\/\/yvanleclerc.org\/index.php\/wp-json\/wp\/v2\/comments?post=320"}],"version-history":[{"count":1,"href":"https:\/\/yvanleclerc.org\/index.php\/wp-json\/wp\/v2\/posts\/320\/revisions"}],"predecessor-version":[{"id":321,"href":"https:\/\/yvanleclerc.org\/index.php\/wp-json\/wp\/v2\/posts\/320\/revisions\/321"}],"wp:attachment":[{"href":"https:\/\/yvanleclerc.org\/index.php\/wp-json\/wp\/v2\/media?parent=320"}],"wp:term":[{"taxonomy":"category","embeddable":true,"href":"https:\/\/yvanleclerc.org\/index.php\/wp-json\/wp\/v2\/categories?post=320"},{"taxonomy":"post_tag","embeddable":true,"href":"https:\/\/yvanleclerc.org\/index.php\/wp-json\/wp\/v2\/tags?post=320"}],"curies":[{"name":"wp","href":"https:\/\/api.w.org\/{rel}","templated":true}]}}