{"id":314,"date":"2025-05-26T08:14:33","date_gmt":"2025-05-26T06:14:33","guid":{"rendered":"https:\/\/yvanleclerc.org\/?p=314"},"modified":"2025-05-29T21:45:59","modified_gmt":"2025-05-29T19:45:59","slug":"bibliographie","status":"publish","type":"post","link":"https:\/\/yvanleclerc.org\/index.php\/2025\/05\/26\/bibliographie\/","title":{"rendered":"Bibliographie"},"content":{"rendered":"\n<p><\/p>\n\n\n\n<h1 class=\"wp-block-heading\"><\/h1>\n\n\n\n<p class=\"has-text-align-center\"><strong>PUBLICATIONS<\/strong><\/p>\n\n\n\n<p><strong>XIXe si\u00e8cle<\/strong><\/p>\n\n\n\n<p><strong>Sur Flaubert<\/strong><\/p>\n\n\n\n<p><strong><em>Internet<\/em><\/strong><\/p>\n\n\n\n<p>Site Flaubert, http:\/\/flaubert.univ-rouen.fr, ouvert le 8 mai 2001. Conception, construction, enrichissement du site, avec l\u2019aide technique de Djamel Hadji (service audio-visuel, Universit\u00e9 de Rouen). Le site h\u00e9berge la <em>Revue Flaubert<\/em> annuel et le <em>Bulletin Flaubert<\/em>, diffus\u00e9 gratuitement par courriel \u00e0 quatre cents abonn\u00e9s. \u00c0 partir de 2022, le site est enti\u00e8rement r\u00e9nov\u00e9, sous la responsabilit\u00e9 de Fran\u00e7ois Vanoosthuyse.<\/p>\n\n\n\n<p>\u00c9dition num\u00e9rique du manuscrit int\u00e9gral de <em>Madame Bovary<\/em>, co-direction avec Danielle Girard. http:\/\/www.bovary.fr, ouverture le 15&nbsp;avril 2009.<\/p>\n\n\n\n<p>\u00c9dition num\u00e9rique du manuscrit int\u00e9gral de <em>Bouvard et P\u00e9cuchet<\/em>, mars 2013.<\/p>\n\n\n\n<p><a href=\"http:\/\/flaubert.univ-rouen.fr\/bouvard_et_pecuchet\/\">http:\/\/flaubert.univ-rouen.fr\/bouvard_et_pecuchet\/<\/a><\/p>\n\n\n\n<p>\u00c9dition num\u00e9rique de la correspondance de Flaubert, dirig\u00e9 par Yvan Leclerc et Danielle Girard, avec la collaboration d\u2019une trentaine de professeurs. Ouverture au public le 2&nbsp;novembre 2017.<\/p>\n\n\n\n<p><a href=\"http:\/\/flaubert.univ-rouen.fr\/correspondance\/edition\/\">http:\/\/flaubert.univ-rouen.fr\/correspondance\/edition\/<\/a><\/p>\n\n\n\n<h2 class=\"wp-block-heading\">\u00c9ditions<\/h2>\n\n\n\n<p><em>Le Candidat<\/em>, \u00e9dition \u00e9tablie d\u2019apr\u00e8s le manuscrit de la Biblioth\u00e8que nationale, pr\u00e9face, notes et annexes, Le Castor Astral, 1988 (r\u00e9\u00e9dition 2007).<\/p>\n\n\n\n<p><em>La Candidature<\/em>, \u00e9tablissement et pr\u00e9sentation du sc\u00e9nario in\u00e9dit d\u2019une pi\u00e8ce de th\u00e9\u00e2tre de Flaubert, <em>\u00c9tudes normandes<\/em>, n\u00b0&nbsp;3, 1988.<\/p>\n\n\n\n<p><em>Carnet 11<\/em>, transcription et notes, en co-\u00e9dition avec P.-M. de Biasi, <em>Carnets de travail de Gustave Flaubert<\/em>, Balland, 1988, p.&nbsp;857-886 (voir mention p.&nbsp;853).<\/p>\n\n\n\n<p><em>Louis XIII<\/em>, \u00e9tablissement et pr\u00e9sentation d\u2019un texte de jeunesse in\u00e9dit de Flaubert, <em>\u00c9tudes normandes<\/em>, n\u00b0&nbsp;2, 1990.<\/p>\n\n\n\n<p><em>M\u00e9moires d\u2019un fou, Novembre et autres textes de jeunesse,<\/em> \u00e9dition critique, introduction et notes, GF Flammarion n\u00b0&nbsp;581, 1991.<\/p>\n\n\n\n<p><em>Plans et sc\u00e9narios de Madame Bovary, <\/em>transcription du manuscrit et pr\u00e9sentation, CNRS \u00c9ditions&nbsp;\/ Zulma, coll. \u00ab&nbsp;Manuscrits&nbsp;\u00bb, 1995.<\/p>\n\n\n\n<p><em>Flaubert-Maupassant. Correspondance, <\/em>Flammarion, 1993.<\/p>\n\n\n\n<p>\u00ab&nbsp;Vers une deuxi\u00e8me \u00e9dition de la <em>Correspondance Flaubert-Maupassant<\/em>&nbsp;\u00bb, <em>Bulletin des Amis de Flaubert et de Maupassant<\/em>, n\u00b0&nbsp;3, 1995, p.&nbsp;53-68.<\/p>\n\n\n\n<p><em>Flaubert-Le Poittevin et Flaubert-Du Camp. Correspondances<\/em>, Flammarion, 2000.<\/p>\n\n\n\n<p><em>Correspondance<\/em>, d\u2019apr\u00e8s l\u2019\u00e9dition Conard, \u00e9dition num\u00e9rique avec Danielle Girard, site Flaubert, http:\/\/flaubert.univ-rouen.fr, rubrique \u00ab&nbsp;Correspondance&nbsp;\u00bb, 2002.<\/p>\n\n\n\n<p>Gustave Flaubert, <em>Vie et travaux du R.P.&nbsp;Cruchard et autres in\u00e9dits<\/em>, avant-propos de Bernard Molant, textes \u00e9tablis, pr\u00e9sent\u00e9s et annot\u00e9s par Matthieu Desportes et Yvan Leclerc, Publications des Universit\u00e9s de Rouen et du Havre, 2005.<\/p>\n\n\n\n<p>Gustave Flaubert, <em>Madame Bovary, m\u0153urs de province<\/em>. <em>La Censure d\u00e9voil\u00e9e<\/em>, Rouen, Alin\u00e9a, \u00c9lisabeth Brunet, Point de vues, Libraires-\u00c9diteurs, 2007. 3.&nbsp;vol.<\/p>\n\n\n\n<p>Reproduction int\u00e9grale en fac-simil\u00e9 de l\u2019exemplaire en deux volumes conserv\u00e9 \u00e0 la BHVP, sur lequel Flaubert a report\u00e9 les 71&nbsp;suppressions demand\u00e9es et faites par la <em>Revue de Paris<\/em>. Accompagn\u00e9 d\u2019une plaquette, <em>La Censure et l\u2019\u0153uvre<\/em>, avec \u00ab&nbsp;<em>Madame Bovary<\/em>, l\u2019exemplaire-t\u00e9moin&nbsp;\u00bb, par Yvan Leclerc&nbsp;; reproductions de brouillons et de leur transcription&nbsp;; extraits de lettres de Flaubert et de ses contemporains autour du proc\u00e8s de <em>Madame Bovary&nbsp;<\/em>; brouillon in\u00e9dit de Flaubert pour son avocat ou pour servir d\u2019introduction au \u00ab&nbsp;M\u00e9moire&nbsp;\u00bb qu\u2019il pr\u00e9parait en vue de sa d\u00e9fense&nbsp;; extraits des pi\u00e8ces du proc\u00e8s.<\/p>\n\n\n\n<p><em>Correspondance<\/em>, \u00e9dition de Jean Bruneau et Yvan Leclerc, avec la collaboration de Jean-Fran\u00e7ois Delesalle, Jean-Beno\u00eet Guinot et Jo\u00eblle Robert, Gallimard, coll. \u00ab&nbsp;Biblioth\u00e8que de la Pl\u00e9iade&nbsp;\u00bb, t.&nbsp;V, 2007.<\/p>\n\n\n\n<p>Gustave Flaubert, <em>Madame Bovary<\/em>. Reproduction au trait de l\u2019original de 1857 annot\u00e9 par Gustave Flaubert. Postface d\u2019Yvan Leclerc. Droz, \u00ab&nbsp;Textes litt\u00e9raires fran\u00e7ais&nbsp;\u00bb, 2011.<\/p>\n\n\n\n<p><em>Flaubert et la Saint-Polycarpe<\/em>, texte de pr\u00e9sentation, \u00ab&nbsp;Polycarpe, saint et martyr&nbsp;\u00bb, coordination de la brochure (inventaire, transcriptions, notices et historique) par l\u2019Association des Amis de Flaubert et de Maupassant, Rouen, Association des Amis de Flaubert et de Maupassant, Librairie \u00c9lisabeth Brunet, 2013.<\/p>\n\n\n\n<p>Gustave Flaubert, <em>\u0152uvres compl\u00e8tes<\/em>, \u00e9d. sous la direction deClaudine Gothot-Mersch, Biblioth\u00e8que de la Pl\u00e9iade, 2013. Collaboration au t.&nbsp;II (<em>Les Sept Fils du derviche, conte oriental<\/em>, \u00c9bauches et sc\u00e9narios de th\u00e9\u00e2tre) et au t.&nbsp;III (<em>Pierrot au s\u00e9rail<\/em>, <em>Salammb\u00f4<\/em>, [Voyage en Alg\u00e9rie et en Tunisie.]. La Querelle de \u00ab&nbsp;<em>Salammb\u00f4<\/em>&nbsp;\u00bb. Polybe, \u00abHistoire\u00bb, I, XIV-XVIII. La Guerre des Mercenaires. <em>La Spirale<\/em>. <em>Ballet<\/em>.<\/p>\n\n\n\n<p><em>Lettres \u00e0 Flaubert<\/em>, r\u00e9unies par Yvan Leclerc, \u00e9ditions Thierry Marchaisse, 2017. Introduction&nbsp;: \u00ab&nbsp;Une famille \u00e9ternelle dans l\u2019humanit\u00e9&nbsp;\u00bb, p.&nbsp;9-14&nbsp;; \u00ab&nbsp;\u00c0 mon tour de suscrire votre nom sur une enveloppe\u2026&nbsp;\u00bb [lettre de son facteur \u00e0 Flaubert], p.&nbsp;175-177.<\/p>\n\n\n\n<p>Gertrude Tennant, <em>Mes souvenirs sur Hugo et Flaubert<\/em>, \u00e9dition d\u2019Yvan Leclerc et Florence Naugrette, textes anglais traduits par Florence Nagrette et Danielle Wargny, postface de Jean-Marc Hovasse, \u00c9ditions de Fallois, 2020.<\/p>\n\n\n\n<p>Notes de Flaubert sur <em>Sophonisbe<\/em>, Mairet, Corneille, Voltaire, <em>S\u00e9rie Flaubert, la Revue des Lettres modernes<\/em>, n\u00b0&nbsp;9, 2021, dossier \u00ab&nbsp;Gustave Flaubert et le th\u00e9\u00e2tre&nbsp;\u00bb, 2021, p.&nbsp;131-168.<\/p>\n\n\n\n<p><strong><em>Ouvrages<\/em><\/strong><strong><\/strong><\/p>\n\n\n\n<p><em>La Spirale et le Monument<\/em>, <em>essai sur \u00ab&nbsp;Bouvard et P\u00e9cuchet&nbsp;\u00bb<\/em>, SEDES, 1988 (r\u00e9\u00e9criture d\u2019une th\u00e8se de doctorat d\u2019\u00e9tat dirig\u00e9e par Jean-Pierre Richard et soutenue en Sorbonne en 1981).<\/p>\n\n\n\n<p><em>Crimes \u00e9crits<\/em>. <em>La litt\u00e9rature en proc\u00e8s au XIXe&nbsp;si\u00e8cle<\/em>, Plon, 1991. R\u00e9\u00e9dition Classiques Garnier, 2021.<\/p>\n\n\n\n<p><em>L\u2019\u00c9ducation sentimentale<\/em>, PUF, coll. \u00ab&nbsp;Etudes litt\u00e9raires&nbsp;\u00bb, 1997.<\/p>\n\n\n\n<p><em>Madame Bovary au scalpel. Gen\u00e8se, r\u00e9ception, critique<\/em>, Classiques Garnier, collection \u00ab&nbsp;Flaubert&nbsp;\u00bb, 2017.<\/p>\n\n\n\n<p><em>Dictionnaire Flaubert<\/em>, sous la dir. de Gis\u00e8le S\u00e9ginger, Champion, 2017. Membre du comit\u00e9 scientifique, r\u00e9daction de 41&nbsp;notices.<\/p>\n\n\n\n<p><em>Album Gustave Flaubert<\/em>, Quinzaine de la Pl\u00e9iade, 2021.<\/p>\n\n\n\n<p><em>Gustave Flaubert et Michel L\u00e9vy, un couple explosif<\/em>, co-auteur avec Jean-Yves Mollier, Calmann-L\u00e9vy, 2021.<\/p>\n\n\n\n<p><strong><em>Articles<\/em><\/strong><\/p>\n\n\n\n<p>\u00ab&nbsp;Bouvard et P\u00e9cuchet par Roland Barthes&nbsp;\u00bb, <em>\u0152uvres et critiques<\/em>, VII, 2, 1982-1983, p.&nbsp;25-32.<\/p>\n\n\n\n<p>\u00ab&nbsp;Flaubert intime&nbsp;\u00bb [sur les fragments autobiographiques des <em>Carnets<\/em>], communication au colloque \u00ab&nbsp;L\u2019\u00e9pistolaire \u00e0 travers les si\u00e8cles&nbsp;\u00bb, Cerisy, \u00e9t\u00e9 1987.<\/p>\n\n\n\n<p>\u00ab&nbsp;Gen\u00e8se d\u2019effacement des noms propres&nbsp;: <em>Bouvard et P\u00e9cuchet<\/em>&nbsp;\u00bb, communication \u00e9crite au colloque \u00ab&nbsp;La naissance du texte&nbsp;\u00bb, septembre 1987, CNRS, pr\u00e9tirage, p.&nbsp;275-279.<\/p>\n\n\n\n<p>\u00ab&nbsp;Chronologie&nbsp;\u00bb, <em>Magazine litt\u00e9raire<\/em>, n\u00b0&nbsp;250, f\u00e9vrier 1988, p.&nbsp;18-27&nbsp;; republi\u00e9e dans <em>Lire Magazine litt\u00e9raire<\/em>, \u00ab&nbsp;Gustave Flaubert&nbsp;\u00bb, hors-s\u00e9rie anniversaire, janvier 2021, p.&nbsp;18-27&nbsp;; repris en ligne sur le site Flaubert, rubrique \u00ab&nbsp;Biographie&nbsp;\u00bb.<\/p>\n\n\n\n<p>\u00ab&nbsp;Flaubert \u00e0 Croisset, l\u00e0 et hors l\u00e0&nbsp;\u00bb, <em>Monuments historiques<\/em>, n\u00b0&nbsp;156, \u00ab&nbsp;Maisons d\u2019auteurs&nbsp;\u00bb, avril-mai 1988, p.&nbsp;61-64.<\/p>\n\n\n\n<p>\u00ab&nbsp;Flaubert \u00e0 l\u2019Universit\u00e9&nbsp;\u00bb, \u00e9tablissement et classement des th\u00e8ses en cours ou r\u00e9cemment soutenues sur Flaubert, <em>\u00c9tudes normandes<\/em>, n\u00b0&nbsp;3, 1988.<\/p>\n\n\n\n<p>\u00ab&nbsp;<em>Madame Bovary<\/em> et <em>Les Fleurs du Mal<\/em>&nbsp;: lectures crois\u00e9es&nbsp;\u00bb, <em>Romantisme<\/em>, n\u00b0&nbsp;62, \u00ab&nbsp;L\u2019Amour&nbsp;\u00bb, 1988, p.&nbsp;41-49.<\/p>\n\n\n\n<p>\u00ab&nbsp;Flaubert et Du Camp&nbsp;: <em>Par les champs et par les gr\u00e8ves.<\/em> La \u00ab&nbsp;prose chant\u00e9e&nbsp;\u00bb de la Loire&nbsp;\u00bb, actes du colloque d\u2019Angers de mai 1988, <em>Loire Litt\u00e9rature<\/em>, PU d\u2019Angers, 1989, p.&nbsp;.377-386.<\/p>\n\n\n\n<p>\u00ab&nbsp;Proust.&nbsp;Flaubert&nbsp;: lectures&nbsp;\u00bb, conf\u00e9rence \u00e0 Illiers-Combray, 4 septembre 1988, <em>Bulletin Marcel Proust<\/em>, n\u00b0&nbsp;39, 1989, p.&nbsp;127-143.<\/p>\n\n\n\n<p>\u00ab&nbsp;Lire le rire&nbsp;: Baudelaire et Flaubert&nbsp;\u00bb, colloque de la Soci\u00e9t\u00e9 des \u00c9tudes Romantiques, \u00ab&nbsp;Eug\u00e8ne Labiche et le Rire au XIXe si\u00e8cle&nbsp;\u00bb, octobre 1988.<\/p>\n\n\n\n<p>\u00ab&nbsp;Ponctuation de Flaubert&nbsp;\u00bb, dans <em>Flaubert, l\u2019autre. Pour Jean Bruneau<\/em>, PU de Lyon, 1989, p.&nbsp;145-151.<\/p>\n\n\n\n<p>\u00ab&nbsp;Les \u0153uvres de jeunesse de Flaubert&nbsp;\u00bb, communication \u00e0 la journ\u00e9e Flaubert, Rouen, 1er d\u00e9cembre 1990, <em>\u00c9tudes normandes, <\/em>1992-1, \u00ab&nbsp;Flaubert-Maupassant (3)&nbsp;\u00bb, p.&nbsp;35-41.<\/p>\n\n\n\n<p>\u00ab&nbsp;La Varende, lecteur sentimental de Flaubert&nbsp;\u00bb, dans <em>Jean de la Varende, \u00e9crivain de la fid\u00e9lit\u00e9<\/em>, PU de Rouen, 1992, p.&nbsp;83-90.<\/p>\n\n\n\n<p>\u00ab&nbsp;L\u2019inscription de Louis Bouilhet, Louise Colet et Maxime Du Camp dans les <em>Plans et sc\u00e9narios de Madame Bovary<\/em>&nbsp;\u00bb, <em>Bulletin Flaubert-Maupassant<\/em>, n\u00b0&nbsp;4, 1996, p.&nbsp;63-76.<\/p>\n\n\n\n<p>\u00ab&nbsp;Comment une petite femme devient mythique&nbsp;\u00bb, dans <em>Emma Bovary<\/em>, dir. Alain Buisine, Autrement, coll. \u00ab&nbsp;Figures mythiques&nbsp;\u00bb, 1997, p.&nbsp;8-25&nbsp;; repris en ligne sur le site Flaubert, rubrique \u00ab&nbsp;Bibliographie&nbsp;\u00bb. Traduction par Valentina Tanzi, \u00ab&nbsp;Come une donnetta diventa mito&nbsp;\u00bb, <em>Kilig<\/em>, rivista di traduzione letteraria, n\u00b0&nbsp;0, Universita di Siena, Del Vecchio Editore, 2019, p.&nbsp;58-69.<\/p>\n\n\n\n<p>\u00ab&nbsp;Notes sur <em>Salammb\u00f4<\/em>&nbsp;\u00bb, <em>\u00c9quinoxe<\/em>, revue internationale d\u2019\u00e9tudes fran\u00e7aises, n\u00b0&nbsp;14, printemps 1997, Kyoto, Japon, Rinsen-Books, p.&nbsp;60-70.<\/p>\n\n\n\n<p>\u00ab&nbsp;<em>La Tentation de saint Antoine<\/em> de Flaubert.&nbsp;Sc\u00e8nes infernales&nbsp;\u00bb, <em>Magazine litt\u00e9raire<\/em>, n\u00b0&nbsp;356, juillet-ao\u00fbt 1997, p.&nbsp;61-64.<\/p>\n\n\n\n<p>\u00ab&nbsp;<em>Salammb\u00f4 <\/em>ou le frisson antique&nbsp;\u00bb, avant-propos \u00e0 \u00ab&nbsp;<em>Salammb\u00f4&nbsp;\u00bb de Flaubert.&nbsp;Histoire, fiction<\/em>, textes r\u00e9unis par Daniel Fauvel et Yvan Leclerc, Champion, 1999, p.&nbsp;7-14.<\/p>\n\n\n\n<p>\u00ab&nbsp;<em>Salammb\u00f4<\/em> de Flaubert&nbsp;\u00bb, catalogue de l\u2019exposition \u00ab&nbsp;Carthage antique, Carthage mythique. Du P\u00e8re Delattre \u00e0 Gustave Flaubert&nbsp;\u00bb, Rouen, Mus\u00e9e des Antiquit\u00e9s, 1999.<\/p>\n\n\n\n<p>\u00ab&nbsp;Portraits de Flaubert et de Maupassant en photophobes&nbsp;\u00bb, <em>Romantisme<\/em>, n\u00b0&nbsp;105, 1999, p.&nbsp;97-106.<\/p>\n\n\n\n<p>\u00ab&nbsp;Journal d\u2019un article sur Flaubert et Maupassant voyageurs en Tunisie&nbsp;\u00bb, dans <em>Tunis, Carthage, l\u2019Orient sous le regard de l\u2019Occident<\/em>, textes r\u00e9unis par \u00c9ric Wauters, PU de Rouen, 1999, p.&nbsp;117-132.<\/p>\n\n\n\n<p>\u00ab&nbsp;<em>Lui<\/em> de Louise Colet&nbsp;: L\u00e9once et Flaubert&nbsp;\u00bb, dans <em>Les Romans \u00e0 clefs<\/em>, troisi\u00e8me colloque des Invalides, 3 d\u00e9cembre 1999, Tusson (Charente), Du L\u00e9rot, 2000, p.&nbsp;29-32.<\/p>\n\n\n\n<p>\u00ab&nbsp;Flaubert.&nbsp;Le bonheur dans la b\u00eatise&nbsp;\u00bb, <em>Magazine litt\u00e9raire<\/em>, n\u00b0&nbsp;389, juillet-ao\u00fbt 2000, p.&nbsp;52-55.<\/p>\n\n\n\n<p>\u00ab&nbsp;La biblioth\u00e8que de Flaubert&nbsp;\u00bb, <em>Le Fran\u00e7ais dans tous ses \u00e9tats<\/em>, n\u00b0&nbsp;44, \u00ab&nbsp;Biblioth\u00e8que(s)&nbsp;\u00bb, 2000, p.&nbsp;40-45&nbsp;; reprisdans <em>La Biblioth\u00e8que de Flaubert.&nbsp;Inventaires et critiques<\/em>, sous la direction de Yvan Leclerc, PU de Rouen, coll. \u00ab&nbsp;Flaubert&nbsp;\u00bb, 2001, p.&nbsp;193-199.<\/p>\n\n\n\n<p>\u00ab&nbsp;Flaubert par Maupassant&nbsp;: ce que le disciple fait du ma\u00eetre&nbsp;\u00bb, <em>Litt\u00e9rature et nation<\/em>, n\u00b0&nbsp;22, \u00ab&nbsp;R\u00e9ceptions cr\u00e9atrices de l\u2019\u0153uvre de Flaubert&nbsp;\u00bb, dir. Ph. Chardin, PU de Tours, 2000, p.&nbsp;9-30.<\/p>\n\n\n\n<p>\u00ab&nbsp;Sept ann\u00e9es noires&nbsp;\u00bb, <em>Revue Flaubert, <\/em>n\u00b0&nbsp;1, \u00ab&nbsp;Autour de la <em>Correspondance<\/em> de Flaubert, Pl\u00e9iade, t.&nbsp;IV&nbsp;\u00bb, 2001, en ligne sur le site Flaubert.<\/p>\n\n\n\n<p>\u00ab&nbsp;Les \u00e9ditions de la correspondance de Flaubert&nbsp;\u00bb, <em>Revue de l\u2019Aire<\/em>, n\u00b0&nbsp;27, \u00ab&nbsp;Recherches sur l\u2019\u00e9pistolaire&nbsp;\u00bb, hiver 2001, Champion, p.&nbsp;157-166&nbsp;; repris en ligne sur le site Flaubert, rubrique \u00ab&nbsp;Correspondance&nbsp;\u00bb.<\/p>\n\n\n\n<p>\u00ab&nbsp;Flaubert et Du Camp&nbsp;: deux \u00e9thiques de l\u2019\u00e9criture [\u00e0 propos de leur correspondance]&nbsp;\u00bb, <em>Vives Lettres<\/em>, n\u00b0&nbsp;12, \u00ab&nbsp;\u00c9thiques de l\u2019\u00e9criture, XIXe-XXe&nbsp;si\u00e8cles&nbsp;\u00bb, textes r\u00e9unis et pr\u00e9sent\u00e9s par Mich\u00e8le Finck et Gis\u00e8le S\u00e9ginger, PU de Strasbourg, 2001, p.&nbsp;41-59.<\/p>\n\n\n\n<p>\u00ab&nbsp;Flaubert&nbsp;: la lettre comme seul discours critique&nbsp;\u00bb, dans <em>Lettre et critique<\/em>, actes du colloque de Brest, 24-26 avril 2001, textes rassembl\u00e9s et pr\u00e9sent\u00e9s par Pierre-Jean Dufief, Publications du Centre d\u2019\u00e9tude des correspondances et journaux intimes des XIXe et XXe si\u00e8cles, Universit\u00e9 de Bretagne occidentale, 2003, p.&nbsp;111-122.<\/p>\n\n\n\n<p>\u00ab&nbsp;L\u2019\u00e9ducation th\u00e9\u00e2trale de Flaubert&nbsp;\u00bb, dans <em>La Tentation th\u00e9\u00e2trale des romanciers<\/em>, Philippe Chardin et alii, Sedes, \u00ab&nbsp;Questions de litt\u00e9rature&nbsp;\u00bb, 2002 (actes du colloque de Tours, 11 mai 2001).<\/p>\n\n\n\n<p>\u00ab&nbsp;<em>Bouvard et P\u00e9cuchet <\/em>ou la biblioth\u00e8que lue comme \u201croman de la m\u00e9decine\u201d&nbsp;\u00bb, dans R\u00e9my Markowitsch, <em>Bibliotherapy<\/em>, Poschiavo\/ Luzern, Edizioni Periferia, 2002, p.&nbsp;83-197 (versions en fran\u00e7ais, anglais, allemand).<\/p>\n\n\n\n<p>\u00ab&nbsp;Le Perroquet de Flaubert ou la biographie impossible&nbsp;\u00bb, dans <em>Flaubert\u2019s Parrot de Julian Barnes. \u00ab&nbsp;Un symbole du logos?&nbsp;\u00bb<\/em>, textes rassembl\u00e9s par A. Capet, Ph.&nbsp;Romanski, N. Terrien, A. Sy-Wonyu, PU de Rouen, 2002, p.&nbsp;5-17.<\/p>\n\n\n\n<p>\u00ab&nbsp;L\u2019Afrique, \u201cterre des monstres\u201d, dans <em>Salammb\u00f4<\/em> de Flaubert&nbsp;\u00bb, dans <em>L\u2019Afrique du Nord antique et m\u00e9di\u00e9vale. M\u00e9moire, identit\u00e9 et imaginaire<\/em>, textes rassembl\u00e9s par Claude Briand-Ponsard et Sylvie Crogiez, PU de Rouen, 2002, p.&nbsp;171-180.<\/p>\n\n\n\n<p>\u00ab&nbsp;\u201cL\u2019auteur c\u2019est bien moi\u201d&nbsp;: Gve Flaubert ou l\u2019\u00e9crivain-manuscrit&nbsp;\u00bb, <em>Revue Flaubert, <\/em>n\u00b02, \u00ab&nbsp;<em>\u0152uvres de jeunesse<\/em>, <em>\u0152uvres compl\u00e8tes<\/em>, Pl\u00e9iade, t.&nbsp;I, \u00e9d. Claudine Gothot-Mersch et Guy Sagnes&nbsp;\u00bb, 2002, en ligne sur le site Flaubert. Repris sur support papier&nbsp;: Bulletin des Amis de Flaubert et Maupassant, \u00ab&nbsp;Les \u0152uvres de jeunesse de Flaubert&nbsp;\u00bb, n\u00b0&nbsp;10 \u2013 2002, p.&nbsp;77-86.<\/p>\n\n\n\n<p>\u00ab&nbsp;Sacralisation et d\u00e9sacralisation du sexe chez Flaubert&nbsp;\u00bb, colloque \u00ab&nbsp;Sex and the Sacred&nbsp;\u00bb, Manchester, 25 mars 2002, \u00e0 para\u00eetre.<\/p>\n\n\n\n<p>\u00ab&nbsp;Flaubert.&nbsp;Personnalit\u00e9 de l\u2019auteur absente&nbsp;\u00bb, <em>Magazine litt\u00e9raire<\/em> n\u00b0&nbsp;409, \u00ab&nbsp;Les \u00e9critures du moi. De l\u2019autobiographie \u00e0 l\u2019autofiction&nbsp;\u00bb, mai 2002, p.&nbsp;47-50.<\/p>\n\n\n\n<p>\u00ab&nbsp;Le site du Centre Flaubert&nbsp;: un chantier sans fin&nbsp;\u00bb, colloque de Lisieux, \u00ab&nbsp;Les \u00e9tudes fran\u00e7aises valoris\u00e9es par les nouvelles technologies de l\u2019information et de la communication&nbsp;\u00bb, dir. Olivier Bogros, 27-28 mai 2002, en ligne sur le site de la BM de Lisieux, http:\/\/www.bmlisieux.com\/colloque&nbsp;; repris en copie locale sur le site Flaubert, rubrique \u00ab&nbsp;Sur la Toile&nbsp;\u00bb.<\/p>\n\n\n\n<p>\u00ab&nbsp;Flaubert&nbsp;\/&nbsp;Maupassant.&nbsp;La d\u00e9pression en h\u00e9ritage&nbsp;\u00bb, <em>Magazine litt\u00e9raire<\/em>, n\u00b0&nbsp;411, \u00ab&nbsp;La d\u00e9pression. De la m\u00e9lancolie \u00e0 la fatigue de soi&nbsp;\u00bb, juillet-ao\u00fbt 2002, p.&nbsp;42-44.<\/p>\n\n\n\n<p>\u00ab&nbsp;Le site Flaubert de l\u2019Universit\u00e9 de Rouen&nbsp;\u00bb, colloque \u00ab&nbsp;L\u2019\u00e9dition \u00e9lectronique en litt\u00e9rature et sciences humaines&nbsp;: \u00e9valuation et perspectives&nbsp;\u00bb, dir. Jean-Claude Arnould, Rouen, 17-22 juin 2002, \u00e0 para\u00eetre.<\/p>\n\n\n\n<p>\u00ab&nbsp;Lire autrement <em>Madame Bovary<\/em>&nbsp;\u00bb, communication \u00e0 la journ\u00e9e d\u2019\u00e9tude \u00ab&nbsp;Le manuscrit de <em>Madame Bovary&nbsp;<\/em>: num\u00e9risation et \u00e9dition hypertexte&nbsp;\u00bb, Rouen, 18 octobre 2003, en ligne sur le site Flaubert, rubrique \u00ab&nbsp;Manuscrits&nbsp;\u00bb.<\/p>\n\n\n\n<p>Notice sur l\u2019exemplaire de <em>Madame Bovary<\/em> avec envoi autographe \u00e0 Alexandre Dumas, <em>Livres du Cabinet de Pierre Ber\u00e8s<\/em>, catalogue de l\u2019exposition du Mus\u00e9e Cond\u00e9, Ch\u00e2teau de Chantilly, 2003, p.&nbsp;93-96.<\/p>\n\n\n\n<p>Pierre Cubaud et Yvan Leclerc, \u00ab&nbsp;Bouvard 618, P\u00e9cuchet 598&nbsp;: \u00e9tude de statistique textuelle sur <em>Bouvard et P\u00e9cuchet<\/em>&nbsp;\u00bb, <em>Revue Flaubert<\/em> [en ligne], n\u00b0&nbsp;3, 2003, Site Flaubert <a href=\"http:\/\/www.univ-rouen.fr\/flaubert\">http:\/\/www.univ-rouen.fr\/flaubert<\/a><\/p>\n\n\n\n<p>\u00ab&nbsp;<em>Bovarysme<\/em>, histoire d\u2019une notion&nbsp;\u00bb, dans <em>Le bovarysme et la litt\u00e9rature de langue anglaise<\/em>, ouvrage coordonn\u00e9 par Nicole&nbsp;Terrien et Yvan&nbsp;Leclerc, PU&nbsp;de Rouen, 2004, p.&nbsp;3-13.<\/p>\n\n\n\n<p>\u00ab&nbsp;Lieux du discours th\u00e9orique chez Flaubert&nbsp;\u00bb, dans <em>Flaubert et la th\u00e9orie litt\u00e9raire<\/em>.<em> En hommage \u00e0 Claudine Gothot-Mersch<\/em>, textes r\u00e9unis par Tanguy Log\u00e9 et par Marie-France Renard, [colloque des 19-21&nbsp;octobre 2000], Publications des Facult\u00e9s universitaires Saint-Louis, Bruxelles, 2005, p.&nbsp;23-40.<\/p>\n\n\n\n<p>\u00ab&nbsp;Un tr\u00e9sor d\u2019archives&nbsp;\u00bb [pr\u00e9sentation du dossier des in\u00e9dits de Flaubert, \u00e0 l\u2019occasion de la publication de \u00ab&nbsp;Vie et travaux du R.&nbsp;P.&nbsp;Cruchard&nbsp;\u00bb], <em>Magazine litt\u00e9raire<\/em>, n\u00b0&nbsp;446, octobre 2005, p.&nbsp;9.<\/p>\n\n\n\n<p>\u00ab&nbsp;O\u00f9 en sont les \u00e9ditions de <em>Correspondances&nbsp;<\/em>?&nbsp;\u00bb, Lettres Modernes Minard, Paris-Caen, 2005, coll. \u00ab&nbsp;La Revue des Lettres Modernes&nbsp;\u00bb, S\u00e9rie <em>Gustave Flaubert<\/em>, n\u00b0&nbsp;5, \u00ab&nbsp;Dix ans de critique&nbsp;\u00bb, p.&nbsp;23-34.<\/p>\n\n\n\n<p>\u00ab&nbsp;Flaubert \u201cperroquet\u201d de soi-m\u00eame&nbsp;\u00bb, dans <em>L\u2019\u00c9criture du ressassement dans les correspondances<\/em>, textes rassembl\u00e9s et pr\u00e9sent\u00e9s par Marie-Josette Le&nbsp;Han, actes du colloque de Brest (avril 2003), Publication du Centre d\u2019\u00e9tude des correspondances et journaux intimes des XIXe et XXe&nbsp;si\u00e8cles, Universit\u00e9 de Bretagne Occidentale, Facult\u00e9 des Lettres Victor-Segalen, Brest, 2006, p.&nbsp;151-171.<\/p>\n\n\n\n<p>\u00ab&nbsp;Flaubert lecteur du Dr Savigny pour <em>Salammb\u00f4<\/em>&nbsp;\u00bb&nbsp;; document en annexe&nbsp;: \u00ab&nbsp;Notes in\u00e9dites de Flaubert, \u201cEffets de la soif et de la faim\u201d&nbsp;\u00bb, dans <em>Les R\u00e9\u00e9critures litt\u00e9raires des discours scientifiques<\/em>, textes r\u00e9unis par Chantal Foucrier, Michel Houdiard \u00e9diteur, 2005, p.&nbsp;225-239 (actes du colloque de Rouen, 12-14 d\u00e9cembre 2001).<\/p>\n\n\n\n<p>\u00ab&nbsp;Gustave Flaubert, <em>Madame Bovary<\/em>, pr\u00e9originale dans la <em>Revue de Paris<\/em>. 1er&nbsp;et 15&nbsp;des mois d\u2019octobre, novembre et d\u00e9cembre 1856 (six livraisons)&nbsp;\u00bb, article de pr\u00e9sentation dans la brochure <em>C\u00e9l\u00e9brations nationales 2006<\/em>, Minist\u00e8re de la Culture et de la Communication, Paris, 2005, p.&nbsp;92-94.<\/p>\n\n\n\n<p>\u00ab&nbsp;Les relations avec les chercheurs. Expertise aupr\u00e8s de la Biblioth\u00e8que municipale de Rouen pour les acquisitions r\u00e9centes concernant Flaubert&nbsp;\u00bb, <em>Le FRAB [fonds r\u00e9gional d\u2019acquisition pour les biblioth\u00e8ques] au service d\u2019une politique culturel en r\u00e9gion&nbsp;?<\/em>, [actes du colloque national des 23 et 24&nbsp;janvier 2003, Le Havre], Co\u00e9dition Agence r\u00e9gionale du livre et de la lecture de Haute-Normandie et F\u00e9d\u00e9ration fran\u00e7aise pour la coop\u00e9ration des biblioth\u00e8ques, des m\u00e9tiers du livre et de la documentation, 2006, p.&nbsp;68-78.<\/p>\n\n\n\n<p>\u00ab&nbsp;<em>\u00c9loge de Corneille<\/em> par Flaubert&nbsp;\u00bb, dans <em>Corneille des romantiques<\/em>, textes r\u00e9unis et pr\u00e9sent\u00e9s par Myriam Dufour-Ma\u00eetre et Florence Naugrette, PU de Rouen et du Havre, 2006, p.&nbsp;93-104.<\/p>\n\n\n\n<p>\u00ab&nbsp;Le Bovarysme comme philosoph\u00e8me&nbsp;\u00bb, colloque \u00ab&nbsp;Le Bovarysme. Litt\u00e9rature et philosophie&nbsp;\u00bb, Sorbonne, 3&nbsp;novembre 2006.<\/p>\n\n\n\n<p>\u00ab&nbsp;&amp;&nbsp;\u00bb, dans Alain Sonneville &amp; Pierre-Claude De&nbsp;Castro, <em>Appendices<\/em>, catalogue de l\u2019exposition, Mus\u00e9e des Beaux-Arts de Rouen et Mus\u00e9e Flaubert et d\u2019Histoire de la M\u00e9decine, Mus\u00e9es de la Ville de Rouen&nbsp;\/ Mus\u00e9e Flaubert et d\u2019Histoire de la M\u00e9decine, 2007, p.&nbsp;49-55.<\/p>\n\n\n\n<p>\u00ab&nbsp;La \u201ccouleur normande\u201d de Flaubert&nbsp;\u00bb, dans <em>Balade en Seine-Maritime<\/em>, \u00c9ditions Alexandrines, 2007, p.&nbsp;15-22.<\/p>\n\n\n\n<p>\u00ab&nbsp;Flaubert contemporain&nbsp;: bilan et perspectives&nbsp;\u00bb, <em>Romantisme<\/em>, n\u00b0&nbsp;135, 2007, p.&nbsp;75-86.<\/p>\n\n\n\n<p>\u00ab&nbsp;<em>La Spirale <\/em>des hallucinations&nbsp;\u00bb, <em>Revue Flaubert<\/em>, n\u00b0&nbsp;6, 2006, <em>Flaubert, r\u00eaves, r\u00eaveries, hallucinations<\/em>, en ligne sur le site Flaubert&nbsp;:<\/p>\n\n\n\n<p>http:\/\/www.univ-rouen.fr\/flaubert\/10revue\/revue6\/revue6.htm (juin 2007)<\/p>\n\n\n\n<p>\u00ab&nbsp;La correspondance de Flaubert en 1870-1871&nbsp;: \u00e9crire au rythme de la guerre et de la Commune&nbsp;\u00bb, dans <em>Les Formes du temps<\/em>. <em>Rythme, histoire, temporalit\u00e9<\/em>, textes r\u00e9unis par Paule Petitier et Gis\u00e8le S\u00e9ginger, Presses Universitaires de Strasbourg, 2007, p.&nbsp;191-200.<\/p>\n\n\n\n<p>\u00ab&nbsp;Comment achever l\u2019\u00e9dition de la <em>Correspondance <\/em>de Flaubert&nbsp;?&nbsp;\u00bb, <em>Revue de l\u2019A.I.R.E.<\/em>, n\u00b0&nbsp;33, \u00ab&nbsp;\u00c9diter les correspondances&nbsp;\u00bb, Honor\u00e9 Champion, 2007, p.&nbsp;95-104.<\/p>\n\n\n\n<p>\u00ab&nbsp;<em>Madame Bovary<\/em>, r\u00e9ception publique et priv\u00e9e&nbsp;\u00bb, dans <em>Madame Bovary. Pr\u00e9ludes, pr\u00e9sences, mutations<\/em>, colloque de Messine, 26-28&nbsp;octobre 2006, par R.&nbsp;M.&nbsp;Palermo Di&nbsp;Stefano et S.&nbsp;Mangiapane, Accademia Peloritana dei Pericolanti, Classe di Lettere, Filosofia e Belle Arti, vol.&nbsp;LXXXIII, Supplemento n.&nbsp;1, Messina-Napoli, Edizioni Scientifiche Italiane, 2007, p.&nbsp;109-124.<\/p>\n\n\n\n<p><em>Kontcept <\/em>\u00ab&nbsp;<em>sex<\/em>&nbsp;\u00bb<em> v estetike Flobera&nbsp;: Sakralnoie i profannoie<\/em>, per. Galina Modina, Rosa Mundi, Sbornik statei, K 90 \u2013 letiu prepodavania istorii zaroubegnoi literatouri v Dalnevostotchom ouniversitete, Vladivostok&nbsp;: Izdatelstvo Dalnevostotchnogo ouniversiteta, 2007, p.&nbsp;217-227. [\u00ab&nbsp;Sacralisation et d\u00e9sacralisation du sexe chez Flaubert&nbsp;\u00bb, Recueil d\u2019articles \u00e0 l\u2019occasion du 90e anniversaire de l\u2019enseignement d\u2019histoire de la litt\u00e9rature \u00e9trang\u00e8re \u00e0 l\u2019Universit\u00e9 d\u2019Extr\u00eame-Orient, Vladivostok, \u00c9dition de l\u2019Universit\u00e9 d\u2019Extr\u00eame-Orient, 2007, p.&nbsp;217-227.] Article repris dans <em>Sacralisation et d\u00e9sacralisation du sexe chez Flaubert<\/em>, Coulturno \u2011 iazicovie contacti, v.&nbsp;10, Vladivostok, Izdatelstvo Dalnevostotchnogo ouniversiteta, 2008, p. 196-208 [<em>Les liens culturels et linguistiques<\/em>, v.&nbsp;10, Vladivostok, \u00c9dition de l&#8217;Universit\u00e9 d&#8217;Etat d\u2019Extr\u00eame-Orient, 2008, p. 196-208.]<\/p>\n\n\n\n<p>\u00ab&nbsp;L\u2019\u00e9v\u00e9nement <em>Madame Bovary<\/em>&nbsp;\u00bb, <em>Bulletin de l\u2019association amicale des anciens \u00e9l\u00e8ves des \u00c9coles Normales et de l\u2019I.U.F.M. de Haute-Normandie<\/em>, n\u00b0&nbsp;24, mars 2008, p.&nbsp;41-44.<\/p>\n\n\n\n<p>\u00ab&nbsp;Annoter sur papier et sur \u00e9cran&nbsp;: l\u2019exemple de la <em>Correspondance <\/em>de Flaubert&nbsp;\u00bb, dans <em>Notes. \u00c9tudes sur l\u2019annotation en litt\u00e9rature<\/em>, sous la dir. de Jean-Claude Arnould et Claudine Poulouin, Publications des universit\u00e9s de Rouen et du Havre, 2008, p.&nbsp;217-225.<\/p>\n\n\n\n<p>\u00ab&nbsp;L\u2019\u00e9dition int\u00e9grale en ligne des manuscrits de <em>Madame Bovary<\/em>&nbsp;\u00bb, <em>Recherches et travaux<\/em>, n\u00b0&nbsp;72, \u00ab&nbsp;De l\u2019hypertexte au manuscrit. L\u2019apport et les limitesdu num\u00e9rique pour l\u2019\u00e9dition et la valorisation de manuscrits litt\u00e9raires modernes&nbsp;\u00bb, textes r\u00e9unis et pr\u00e9sent\u00e9s par Fran\u00e7oise Leriche et C\u00e9cile Meynard, 2008, p.&nbsp;229-240.<\/p>\n\n\n\n<p>\u00ab&nbsp;Pourquoi sommes-nous tous flaubertiens&nbsp;?&nbsp;\u00bb, conf\u00e9rence donn\u00e9e \u00e0 l\u2019universit\u00e9 de Nagoya, Japon, le 12&nbsp;novembre 2008, <em>HERSETEC&nbsp;: Journal of Hermeneutic Study and Education of Textual Configuration<\/em>, Graduate School of Letters, Nagoya University, vol.&nbsp;2, n\u00b0&nbsp;1, 2008, p.&nbsp;15-32.<\/p>\n\n\n\n<p>\u00ab&nbsp;Les notes de r\u00e9gie dans les manuscrits de <em>Madame Bovary&nbsp;<\/em>: Flaubert et le savoir du roman&nbsp;\u00bb, dans <em>Madame Bovary et les savoirs<\/em>, Pierre-Louis Rey et Gis\u00e8le S\u00e9ginger (\u00e9ds.), Presses de la Sorbonne nouvelle, 2009, p.&nbsp;23-33.<\/p>\n\n\n\n<p>\u00ab&nbsp;Les premi\u00e8res impressions ne s\u2019effacent pas&nbsp;\u00bb, <em>\u00c9lev\u00e9 dans les coulisses d\u2019Esculape. La jeunesse de Gustave Flaubert \u00e0 l\u2019H\u00f4tel-Dieu<\/em>, article dans le catalogue de l\u2019exposition au Mus\u00e9e Flaubert et d\u2019histoire de la m\u00e9decine, Rouen, 2010.<\/p>\n\n\n\n<p>\u00ab&nbsp;Proc\u00e8s, censure et autocensure dans le roman du XIXe&nbsp;si\u00e8cle&nbsp;: l\u2019exemple de <em>Madame Bovary<\/em>&nbsp;\u00bb (colloque AIEF, \u00ab&nbsp;Censure et cr\u00e9ation litt\u00e9raire&nbsp;\u00bb, Paris, 8&nbsp;juillet 2009), <em>Cahiers de l\u2019Association internationale des \u00e9tudes fran\u00e7aises<\/em>, n\u00b0&nbsp;62, mai 2010, p.&nbsp;343-359.<\/p>\n\n\n\n<p>\u00ab&nbsp;Parler et penser \u00e0 Carthage&nbsp;: la repr\u00e9sentation de la vie psychique dans <em>Salammb\u00f4<\/em> de Flaubert&nbsp;\u00bb, <em>Elseneur<\/em>, n\u00b0&nbsp;25, Presses universitaires de Caen, 2010, \u00ab&nbsp;Repr\u00e9senter la vie psychique&nbsp;\u00bb, p.&nbsp;129-143.<\/p>\n\n\n\n<p>\u00ab&nbsp;<em>Salammb\u00f4<\/em>, les styles de l\u2019\u00e9rudition&nbsp;\u00bb, dans <em>La mise en texte des savoirs<\/em>, textes r\u00e9unis par Kazuhiro Matsuzawa et Gis\u00e8le S\u00e9ginger, Presses Universitaires de Strasbourg, 2010, p.&nbsp;45-54.<\/p>\n\n\n\n<p>\u00ab&nbsp;La section \u201cTh\u00e9\u00e2tre\u201d dans les dossiers de <em>Bouvard et P\u00e9cuchet<\/em>&nbsp;\u00bb, dans <em>\u00c9diter le chantier documentaire de <\/em>Bouvard et P\u00e9cuchet. <em>Explorations critiques et premi\u00e8res r\u00e9alisations num\u00e9riques<\/em>, textes r\u00e9unis par Rosa Maria Palermo Di Stefano, St\u00e9phanie Dord-Crousl\u00e9, Stella Mangiapane, Messina, Andrea Lippolis Editore, 2012, p.&nbsp;121-126.<\/p>\n\n\n\n<p>\u00ab&nbsp;Flaubert et Du Camp, \u201ccompagnons du tour de Bretagne&nbsp;\u00bb, dans <em>Balade en Bretagne nord<\/em>, \u00c9ditions Alexandrines, 2011, p.&nbsp;15-19.<\/p>\n\n\n\n<p>\u00ab&nbsp;Les \u201canimalit\u00e9s de l\u2019homme\u201d-plume&nbsp;\u00bb, <em>Revue Flaubert<\/em>, n\u00b0&nbsp;10, 2011, \u00ab&nbsp;Animal et animalit\u00e9 chez Flaubert&nbsp;\u00bb, Juliette Azoulai (dir.), [en ligne]<\/p>\n\n\n\n<p>http:\/\/flaubert.univ-rouen.fr\/revue\/article.php?id=70<\/p>\n\n\n\n<p>\u00ab&nbsp;Pr\u00e9face&nbsp;\u00bb \u00e0 l\u2019ouvrage de Helge Vidar Holm, <em>M\u0153urs de province. Essai d\u2019analyse bakhtinienne de \u00ab&nbsp;Madame Bovary&nbsp;\u00bb<\/em>, Berne, Peter Lang, 2011, p.&nbsp;IX-XVI.<\/p>\n\n\n\n<p>\u00ab&nbsp;Flaubert et ses maisons&nbsp;: un exemple de coop\u00e9ration entre conservateurs et chercheurs&nbsp;\u00bb, Journ\u00e9e d\u2019\u00e9tude de la F\u00e9d\u00e9ration des maisons d\u2019\u00e9crivain et des patrimoines litt\u00e9raires, Rouen, 25 mars 2011. En ligne sur le site de la F\u00e9d\u00e9ration&nbsp;:<\/p>\n\n\n\n<p><a href=\"http:\/\/www.litterature-lieux.com\/multimedia\/File\/journees\/Flaubert_et_ses_maisons.pdf\">http:\/\/www.litterature-lieux.com\/multimedia\/File\/journees\/Flaubert_et_ses_maisons.pdf<\/a><\/p>\n\n\n\n<p>\u00ab&nbsp;Flaubert et le style c\u00e9libataire&nbsp;\u00bb, dans <em>Machine litt\u00e9raire, machine c\u00e9libataire et \u00ab&nbsp;genre neutre&nbsp;\u00bb<\/em>, Annette Runte (dir.), [colloque \u00ab&nbsp;Machine litt\u00e9raire, machine c\u00e9libataire et genre neutre&nbsp;\u00bb, CR2A, Universit\u00e9 de Rouen, 4-5&nbsp;d\u00e9cembre 2008], W\u00fcrzburg, K\u00f6nigshausen &amp; Neumann, 2011, p. 125-133.<\/p>\n\n\n\n<p>\u00ab&nbsp;De <em>Madame Bovary <\/em>\u00e0 <em>Bouvard et P\u00e9cuchet&nbsp;<\/em>: deux \u00e9ditions num\u00e9riques des manuscrits de Flaubert&nbsp;\u00bb, [colloque international \u00ab&nbsp;Le patrimoine \u00e0 l\u2019\u00e2ge du num\u00e9rique&nbsp;: structuration et balisage&nbsp;\u00bb, Caen, 10-11&nbsp;d\u00e9cembre 2009], <em>Shedae<\/em>, 2011, pr\u00e9publication n\u00b0&nbsp;7, fascicule n\u00b0&nbsp;1, p.&nbsp;71-78. Pr\u00e9publication en ligne&nbsp;:<\/p>\n\n\n\n<p><a href=\"http:\/\/w3.unicaen.fr\/services\/puc\/ecrire\/preprints\/preprint0072011.pdf\">http:\/\/w3.unicaen.fr\/services\/puc\/ecrire\/preprints\/preprint0072011.pdf<\/a><\/p>\n\n\n\n<p>\u00ab\u00a0Notes de cours sur <em>Bouvard et P\u00e9cuchet<\/em>, fictions du savoir et savoirs de la fiction\u00a0\u00bb<em>, Revue <\/em>Flaubert, n\u00b0\u00a011, 2011, \u00ab\u00a0Fictions du savoir, savoirs de la fiction dans <em>Bouvard et P\u00e9cuchet<\/em>\u00a0\u00bb, en ligne sur le site Flaubert\u00a0:<\/p>\n\n\n\n<p><a href=\"http:\/\/flaubert.univ-rouen.fr\/revue\/article.php?id=92\">http:\/\/flaubert.univ-rouen.fr\/revue\/article.php?id=92<\/a><\/p>\n\n\n\n<p>\u00ab&nbsp;Autor to w\u0142a\u015bnie ja: Gve Flaubert, czyli pisarz-r\u0119kopis&nbsp;\u00bb [\u00ab&nbsp;L\u2019auteur c\u2019est bien moi&nbsp;\u00bb&nbsp;: Gve Flaubert ou l\u2019\u00e9crivain-manuscrit&nbsp;\u00bb], trad. de Piotr \u015aniedziewski, Pozna\u0144skie Studia Polonistyczne. Seria Literacka 2012, n\u00b0&nbsp;19, p.&nbsp;257-269.<\/p>\n\n\n\n<p>\u00ab&nbsp;Les droits d\u2019auteur de Flaubert&nbsp;\u00bb, <em>Bulletin Flaubert-Maupassant<\/em>, n\u00b0&nbsp;27, 2012, p.&nbsp;81-101.<\/p>\n\n\n\n<p>Yvan Leclerc et Jo\u00eblle Robert, \u00ab&nbsp;Les lettres de Flaubert pendant la gen\u00e8se de <em>Madame Bovary&nbsp;<\/em>: archives et entr\u00e9es \u201ccr\u00e9ation\u201d dans l\u2019index th\u00e9matique&nbsp;\u00bb, <em>\u00c9pistolaire <\/em>[revue de l\u2019AIRE], n\u00b0&nbsp;38, \u00ab&nbsp;Archives de la cr\u00e9ation. Exp\u00e9riences du temps dans les correspondances&nbsp;\u00bb, Champion, 2012, p.&nbsp;17-32.<\/p>\n\n\n\n<p>\u00ab&nbsp;Gemma Bovary, c\u2019est elle&nbsp;\u00bb, <em>Philosophie Magazine<\/em>, hors-s\u00e9rie, \u00ab&nbsp;Sp\u00e9cial bande dessin\u00e9e. La vie a-t-elle un sens&nbsp;?&nbsp;\u00bb, 2013, p.&nbsp;50-51&nbsp;; repris en volume&nbsp;: <em>La Vie a-t-elle un sens&nbsp;? Bande dessin\u00e9e et philosophie<\/em>, \u00e9d. Philosophie Magazine, 2013, p.&nbsp;48-49.<\/p>\n\n\n\n<p>\u00ab&nbsp;Flaubert et Sand&nbsp;: asym\u00e9tries \u00e9pistolaires&nbsp;\u00bb, dans <em>Lectures de la correspondance Flaubert-Sand. Des v\u00e9rit\u00e9s de raison et de sentiment<\/em>, \u00e9tudes r\u00e9unies et pr\u00e9sent\u00e9es par Thierry Poyet, Presses universitaires Blaise Pascal, coll. \u00ab&nbsp;\u00c9critures de l\u2019intime&nbsp;: correspondances, m\u00e9moires, autobiographies&nbsp;\u00bb, 2013, p.&nbsp;123-134.<\/p>\n\n\n\n<p>Organisation du colloque international \u00ab&nbsp;<em>Bouvard et P\u00e9cuchet <\/em>de Flaubert, romans et savoirs&nbsp;: l\u2019\u00e9dition int\u00e9grale des manuscrits&nbsp;\u00bb, Universit\u00e9 de Rouen, 7-9&nbsp;mars 2013, actes \u00e0 para\u00eetre dans la <em>Revue Flaubert<\/em>, n\u00b0&nbsp;14, 2014, \u00e0 para\u00eetre en ligne sur le site Flaubert.<\/p>\n\n\n\n<p>\u00ab&nbsp;<em>Salammb\u00f4<\/em>: femme fatale et roman de la fatalit\u00e9&nbsp;\u00bb, <em>Salammb\u00f4, figure(s) de la fatalit\u00e9, pour le cent cinquantenaire de <\/em>Salammb\u00f4<em> (1862)<\/em>, textes r\u00e9unis par Atsuko Ogane, \u00ab&nbsp;Recherches sur le mythe de la femme fatale dans <em>Salammb\u00f4<\/em> de Flaubert&nbsp;\u00bb, JSPS Kakenhi Grant Number 23520406, 2013, p.&nbsp;57-70. (Conf\u00e9rence, 12 mai 2012, campus Satellite Yokohama, Kannnai Media Center (Yokohama MBC), Yokohama, Japon.)<\/p>\n\n\n\n<p>\u00ab&nbsp;<em>Salammb\u00f4 <\/em>ou <em>Carthage<\/em>, entre histoire et fiction&nbsp;\u00bb [avec une lettre in\u00e9dite de Flaubert \u00e0 Michelet, premi\u00e8re lettre sur la gen\u00e8se de <em>Salammb\u00f4<\/em>], <em>Journal of Arts and Sciences <\/em>(The Liberal Arts Association, College of Law, Kanto Gakuin University, Odawara, Japan), n\u00b022, January 2013, p.&nbsp;127-141. [Texte en fran\u00e7ais et traduction en japonais par Atsuko Ogane.] (Conf\u00e9rence, 17 mai 2012, campus Odawara, Centre Extension, \u00abHarrington Hall\u00bb, Odawara, Universit\u00e9 Kanto Gakuin, Japon.)<\/p>\n\n\n\n<p>\u00ab&nbsp;Flaubert, une fen\u00eatre sur la Seine&nbsp;\u00bb, <em>Bulletin Flaubert-Maupassant<\/em>, n\u00b0&nbsp;29, 2014, \u00ab&nbsp;Eau, reflets, fluidit\u00e9s. Festival Normandie-Impressionniste&nbsp;\u00bb, p.&nbsp;21-34 [publi\u00e9 sous une forme abr\u00e9g\u00e9e dans <em>Normandie impressionniste<\/em>, <em>Magazine \u00e9ph\u00e9m\u00e8re<\/em>, n\u00b0&nbsp;4, juillet 2013, \u00ab&nbsp;Le fleuve et la mer&nbsp;\u00bb, Presses des universit\u00e9s de Rouen et du Havre, p.&nbsp;6-8.]<\/p>\n\n\n\n<p>\u00ab&nbsp;Style fluide, style limpide chez Flaubert et Maupassant&nbsp;\u00bb, <em>Bulletin Flaubert-Maupassant<\/em>, n\u00b0&nbsp;29, 2014, \u00ab&nbsp;Eau, reflets, fluidit\u00e9s. Festival Normandie-Impressionniste&nbsp;\u00bb, p.&nbsp;105-117.<\/p>\n\n\n\n<p>\u00ab&nbsp;L\u2019id\u00e9al de la critique selon Flaubert. Une critique qui s\u2019inqui\u00e8te de l\u2019\u0153uvre en soi&nbsp;\u00bb, dans <em>L\u2019\u00e9crivain et son critique&nbsp;: une fratrie probl\u00e9matique<\/em>, sous la dir. de Philippe Chardin et Marjorie Rousseau [congr\u00e8s \u00ab&nbsp;Critique et cr\u00e9ation litt\u00e9raire&nbsp;\u00bb, Tours, 3-6&nbsp;octobre 2012], Paris, Kim\u00e9, 2014, p.&nbsp;531-540.<\/p>\n\n\n\n<p>\u00ab&nbsp;Flaubert au scalpel&nbsp;\u00bb, <em>Revue Flaubert<\/em>, n\u00b0&nbsp;12, 2012, \u00ab&nbsp;Gustave avant Flaubert&nbsp;: les ann\u00e9es de jeunesse \u00e0 l\u2019H\u00f4tel-Dieu de Rouen&nbsp;\u00bb, dirig\u00e9 par Jo\u00eblle Robert, en ligne sur le site Flaubert&nbsp;:<\/p>\n\n\n\n<p>Revue&nbsp;: <a href=\"http:\/\/flaubert.univ-rouen.fr\/revue\/sommaire.php?id=14\">http:\/\/flaubert.univ-rouen.fr\/revue\/sommaire.php?id=14<\/a><\/p>\n\n\n\n<p>Article&nbsp;: <a href=\"http:\/\/flaubert.univ-rouen.fr\/revue\/article.php?id=104\">http:\/\/flaubert.univ-rouen.fr\/revue\/article.php?id=104<\/a><\/p>\n\n\n\n<p>\u00ab&nbsp;L\u2019id\u00e9al de la critique selon Flaubert. \u201cUne critique qui s\u2019inqui\u00e8te de l\u2019\u0153uvre en soi\u201d\u00bb, dans <em>L\u2019\u00e9crivain et son critique&nbsp;: une fratrie probl\u00e9matique<\/em>, sous la direction de Philippe Chardin et Marjorie Rousseau, \u00c9ditions Kim\u00e9, 2014, p.531-540.<\/p>\n\n\n\n<p>\u00ab&nbsp;Flaubert et la litt\u00e9rature en proc\u00e8s au XIX<sup>e<\/sup>&nbsp;si\u00e8cle. Avec la transcription des pi\u00e8ces d\u2019un dossier in\u00e9dit relatif au proc\u00e8s de <em>Madame Bovary<\/em>\u00bb, dans <em>La plume et le pr\u00e9toire. Quand les \u00e9crivains racontent la justice<\/em>, sous la direction de Daniel Delas, <em>La Documentation fran\u00e7aise<\/em>, coll. \u00ab&nbsp;Histoire de la justice\u00bb, n\u00b0&nbsp;23, 2014, p.&nbsp;153-169 [conf\u00e9rence, 31&nbsp;mai 2012, \u00ab&nbsp;Les \u00e9crivains en justice&nbsp;\u00bb, Grand\u2019Chambre de la Cour de cassation, Paris].<\/p>\n\n\n\n<p>\u00ab&nbsp;Flaubert lecteur de Spencer. <em>De l\u2019\u00e9ducation intellectuelle, morale et physique <\/em>dans <em>Bouvard et P\u00e9cuchet<\/em>&nbsp;\u00bb, <em>Arts et savoirs <\/em>n\u00b0&nbsp;4, mai 2014, \u00ab&nbsp;Herbert Spencer en France&nbsp;: mise au jour d\u2019une influence&nbsp;\u00bb, num\u00e9ro dirig\u00e9 par Niklas Bender, Centre de recherche LISAA (Litt\u00e9ratures, Savoirs et Arts &#8211; EA 4120), Universit\u00e9 Paris-Est Marne-la-Vall\u00e9e [conf\u00e9rence, \u00ab&nbsp;Herbert Spencer en France&nbsp;\u00bb, journ\u00e9es d\u2019\u00e9tude, 1er-2&nbsp;mars 2012, Paris&nbsp;3 \u2013 Sorbonne Nouvelle.]<\/p>\n\n\n\n<p><a href=\"http:\/\/lisaa.u-pem.fr\/arts-et-savoirs\/arts-et-savoirs-n-4\/\">http:\/\/lisaa.u-pem.fr\/arts-et-savoirs\/arts-et-savoirs-n-4\/<\/a><\/p>\n\n\n\n<p>\u00ab&nbsp;Les maladies de Flaubert&nbsp;\u00bb, conf\u00e9rence avec les professeurs de m\u00e9decine Philippe Hecketsweiler et Fran\u00e7ois Tron, Rouen, Mus\u00e9e Flaubert et d\u2019histoire de la m\u00e9decine, 15 f\u00e9vrier 2014, \u00e0 para\u00eetre dans la <em>Revue Flaubert<\/em>, n\u00b0&nbsp;15, 2015.<\/p>\n\n\n\n<p>\u00ab&nbsp;Dossier&nbsp;\u00bb dans Flaubert, <em>Madame Bovary<\/em>, suivi des Actes du proc\u00e8s, pr\u00e9sentation de Bernard Ajac, dossier par Yvan Leclerc, chronologie par St\u00e9phanie Dord-Crousl\u00e9, GF Flammarion, 2014 (r\u00e9\u00e9dition en rapport avec le programme de litt\u00e9rature de la classe terminale de la s\u00e9rie litt\u00e9raire 2014-2015).<\/p>\n\n\n\n<p>\u00ab&nbsp;Flaubert par Michel Winock&nbsp;: la possibilit\u00e9 d\u2019une biographie&nbsp;\u00bb, Journ\u00e9e autour du <em>Flaubert <\/em>de Michel Winock (Gallimard, 2013), Amis de Flaubert et de Maupassant, Rouen, 29&nbsp;mars 2014, \u00e0 para\u00eetre dans le <em>Bulletin Flaubert-Maupassant<\/em>, n\u00b0&nbsp;31, 2015.<\/p>\n\n\n\n<p>\u00ab&nbsp;Les \u0153uvres que Flaubert n\u2019a pas \u00e9crites&nbsp;\u00bb, colloque \u00ab&nbsp;Flaubert, <em>\u0152uvres compl\u00e8tes<\/em>, nouvelle \u00e9dition sous la direction de Claudine Gothot-Mersch, Gallimard, Biblioth\u00e8que de la Pl\u00e9iade, tomes II et III, 2013&nbsp;\u00bb, Amis de Flaubert et de Maupassant, Rouen, 17&nbsp;mai 2014, \u00e0 para\u00eetre dans le <em>Bulletin Flaubert-Maupassant<\/em>, n\u00b0&nbsp;31, 2015.<\/p>\n\n\n\n<p>\u00ab&nbsp;La cath\u00e9drale de Rouen dans <em>Madame Bovary<\/em>&nbsp;\u00bb, cycle de conf\u00e9rences \u00ab&nbsp;Flaubert et la cath\u00e9drale de Rouen&nbsp;\u00bb, dans le cadre de l\u2019exposition \u00ab&nbsp;Cath\u00e9drales 1789-1914&nbsp;\u00bb, Mus\u00e9e des Beaux-Arts, Rouen, 28&nbsp;juin 2014, \u00e0 para\u00eetre dans le <em>Bulletin Flaubert-Maupassant<\/em>, n\u00b0&nbsp;31, 2015.<\/p>\n\n\n\n<p>\u00ab&nbsp;Flaubert, lecteur de la <em>Gazette des Tribunaux<\/em>&nbsp;\u00bb, colloque \u00ab&nbsp;<em>Gazette des Tribunaux. <\/em>Laboratoire et miroir de la litt\u00e9rature (1825-1870)&nbsp;\u00bb, Universit\u00e9 de Rouen, 10-11 f\u00e9vrier 2015, actes \u00e0 para\u00eetre.<\/p>\n\n\n\n<p>\u00ab&nbsp;La syphilis de Flaubert, la maladie du si\u00e8cle&nbsp;\u00bb, conf\u00e9rence avec le docteur Karl Feltgen et le professeur Philippe Hecketsweiler, organis\u00e9e par les Amis du Mus\u00e9e Flaubert et d\u2019histoire de la m\u00e9decine, Mus\u00e9e Flaubert, Rouen, 14&nbsp;f\u00e9vrier 2015, \u00e0 para\u00eetre dans la <em>Revue Flaubert<\/em>, n\u00b0&nbsp;15, 2015, en ligne sur le site Flaubert.<\/p>\n\n\n\n<p>\u00ab&nbsp;Un carnet in\u00e9dit de Bouilhet&nbsp;: <em>Impressions philosophiques<\/em>&nbsp;\u00bb, journ\u00e9e Louis Bouilhet, Amis de Flaubert et de Maupassant, Rouen, 28 mars 2015, \u00e0 para\u00eetre dans le <em>Bulletin Flaubert-Maupassant<\/em>, n\u00b0&nbsp;32, 2016.<\/p>\n\n\n\n<p>Contribution au dossier p\u00e9dagogique sur <em>Madame Bovary<\/em>, film, par Sophie Barthes, sur le site \u00ab&nbsp;Z\u00e9ro de conduite&nbsp;\u00bb, octobre 2015.<\/p>\n\n\n\n<p><a href=\"http:\/\/www.zerodeconduite.net\/dp\/zdc_madamebovary_barthes.pdf\">http:\/\/www.zerodeconduite.net\/dp\/zdc_madamebovary_barthes.pdf<\/a><\/p>\n\n\n\n<p>\u00ab&nbsp;L\u2019adulterio in <em>Madame Bovary&nbsp;<\/em>: la parola e la cosa&nbsp;\u00bb, dans <em>L\u2019adulterio nel romanzo<\/em>, a cura di Enrica Villari, Pise, Pacini Editore, I Libri dell\u2019Associazione Sigismondo Malatesta, 2015, p.&nbsp;89-103 [\u00ab&nbsp;L\u2019adult\u00e8re dans <em>Madame Bovary<\/em>&nbsp;: le mot et la chose&nbsp;\u00bb, colloque \u00ab&nbsp;L\u2019adulterio nel romanzo&nbsp;\u00bb, Santarcangelo di Romagna, Italie, 30-31&nbsp;mai 2008].<\/p>\n\n\n\n<p>\u00ab&nbsp;Emma lectrice&nbsp;\u00bb, dans <em>Portraits de lectrices, d\u2019Emma Bovary \u00e0 Marie-Claire<\/em>, catalogue de l\u2019exposition du Mus\u00e9e des Beaux-Arts de Bernay, 18 juin-18 septembre 2016, Mus\u00e9e des Beaux-Arts, Bernay, \u00e9ditions Point de vues, 2016, p.&nbsp;9-17.<\/p>\n\n\n\n<p>\u00ab&nbsp;Flaubert \u201cd\u00e9finitivement r\u00e9concili\u00e9\u201d avec Rouen&nbsp;?&nbsp;\u00bb, <em>\u00c9tudes normandes<\/em>, n\u00b0&nbsp;1, 2016, \u00ab&nbsp;Normands de plume&nbsp;\u00bb, p.&nbsp;41-50.<\/p>\n\n\n\n<p>\u00ab&nbsp;Flaubert, une \u201cpetite b\u00eatise moyen\u00e2geuse\u201d&nbsp;\u00bb, dans <em>\u00ab&nbsp;Cel corn ad lunge aleine&nbsp;!&nbsp;\u00bb. M\u00e9langes en l\u2019honneur de Jean Maurice<\/em>, sous la direction d\u2019Hubert Heckmann, Beate Langenbruch et Nicolas Lenoir, Presses des universit\u00e9s de Rouen et du Havre, 2017, p.&nbsp;377-396.<\/p>\n\n\n\n<p>\u00ab&nbsp;L\u2019\u00e9dition \u00e9lectronique des manuscrits de Flaubert&nbsp;\u00bb, dans <em>L\u2019universit\u00e9 de Rouen, 1966-2016<\/em>, t.&nbsp;II, <em>Lieux de m\u00e9moire et t\u00e9moignages<\/em>, sous la direction d\u2019Anne Bidois, Olivier Feiertag et Yannick Marec, 2016, p.&nbsp;75-76.<\/p>\n\n\n\n<p>\u00ab&nbsp;Flaubert en armes&nbsp;\u00bb, <em>Cahiers Flaubert-Maupassant<\/em>, n\u00b0&nbsp;32, 2016, p.&nbsp;277-289.<\/p>\n\n\n\n<p>\u00ab&nbsp;Pour saluer Sandra Glatigny&nbsp;\u00bb, postface \u00e0 <em>Flaubert dans la ville. Images et textes<\/em>, Presses des universit\u00e9s de Rouen et du Havre, 2017, p.&nbsp;180-184.<\/p>\n\n\n\n<p>Entr\u00e9e \u00ab&nbsp;Flaubert&nbsp;\u00bb dans le <em>Dictionnaire de l\u2019autobiographie. \u00c9critures de soi de langue fran\u00e7aise<\/em>, dir. Fran\u00e7oise Simonet-Tenant, Champion, 2017.<\/p>\n\n\n\n<p>\u00ab&nbsp;\u201cLe mari, la femme, l\u2019amant. Me Sch. Mr Sch. Moi\u201d, <em>L\u2019Histoire sentimentale<\/em>, histoire du jeune homme Gustave Flaubert&nbsp;\u00bb, dans <em>Lectures de L\u2019\u00c9ducation sentimentale<\/em>, sous la direction de Steve Murphy, PUR, 2017, p.&nbsp;37-48.<\/p>\n\n\n\n<p>\u00ab&nbsp;Flaubert, obsc\u00e9nit\u00e9s \u00e9pistolaires d\u2019un jeune homme&nbsp;\u00bb, <em>\u00c9pistolaire<\/em>, n\u00b0&nbsp;43, \u00ab&nbsp;\u00c9ros dans la lettre&nbsp;\u00bb, Champion, 2017, p.&nbsp;37-47.<\/p>\n\n\n\n<p>\u00ab&nbsp;Flaubert et le souci du lecteur&nbsp;\u00bb, dans <em>Vivre comme on lit. Hommage \u00e0 Philippe Chardin<\/em>, sous la dir. de Florence Godeau et Sylvie Humbert-Mougin, Tours, Presses universitaires Fran\u00e7ois-Rabelais, 2018, p.&nbsp;177-203.<\/p>\n\n\n\n<p>\u00ab&nbsp;Flaubert pr\u00e9pare <em>Salammb\u00f4<\/em>. \u201cTopographie \u2013 Carthage\u201d. Notes in\u00e9dites pour <em>Salammb\u00f4<\/em>&nbsp;\u00bb, <em>Histoires litt\u00e9raires<\/em>, juillet-ao\u00fbt-septembre 2018, n\u00b0&nbsp;75, p.&nbsp;&nbsp;123-158. [Dossier in\u00e9dit, appartenant \u00e0 une collection priv\u00e9e, constitu\u00e9 par Flaubert, comprenant des notes sur Dureau de la Malle, Falbe, Polybe, Hendreich, etc., et des cartes de la Carthage punique dessin\u00e9es par Flaubert. Pr\u00e9sentation et transcription de ces notes.]<\/p>\n\n\n\n<p>\u00ab&nbsp;L\u2019\u00e9dition \u00e9lectronique de la correspondance de Flaubert&nbsp;\u00bb, <em>Cahiers Flaubert Maupassant<\/em>, n\u00b0&nbsp;36, 2018, p.&nbsp;99-112.<\/p>\n\n\n\n<p>\u00ab&nbsp;Un dossier de l\u2019\u00e9diteur Louis Conard achet\u00e9 par la Biblioth\u00e8que de Rouen&nbsp;\u00bb, <em>Cahiers Flaubert Maupassant<\/em>, n\u00b0&nbsp;36, 2018, p.&nbsp;161-164.<\/p>\n\n\n\n<p>\u00ab&nbsp;Flaubert en ligne sur Gallica&nbsp;\u00bb, <em>Chroniques de la BnF<\/em>, n\u00b0&nbsp;84, janvier-mars 2019, p.&nbsp;29.<\/p>\n\n\n\n<p>\u00ab&nbsp;\u201cSes personnages, c\u2019est lui\u201d&nbsp;: identification, impersonnalit\u00e9 et types romanesques chez Flaubert&nbsp;\u00bb, <em>Non solo Madame Bovary. Flaubert e i suoi personaggi<\/em>. A cura di Scaiola Anna Maria, Norci Cagiano de Azevedo Letizia, Roma, Edizioni di Storia e Letteratura, 2018, p.&nbsp;109-122.<\/p>\n\n\n\n<p>\u00ab&nbsp;Hommage au Professeur Massimo Colesanti&nbsp;\u00bb, <em>Non solo Madame Bovary. Flaubert e i suoi personaggi<\/em>. A cura di Scaiola Anna Maria, Norci Cagiano de Azevedo Letizia, Roma, Edizioni di Storia e Letteratura, 2018, p.&nbsp;123-125.<\/p>\n\n\n\n<p>\u00ab&nbsp;Flaubert au gueuloir&nbsp;\u00bb, <em>Revue des sciences humaines<\/em>, \u00ab&nbsp;\u201cCe qui parle en moi\u201d&nbsp;: l\u2019\u00e9tranget\u00e9 de la voix&nbsp;\u00bb, textes r\u00e9unis par St\u00e9phanie Genand et Fran\u00e7oise Simonet-Tenant, n\u00b0&nbsp;333, 2019, p.&nbsp;159-174.<\/p>\n\n\n\n<p>\u00ab&nbsp;Mathilde et Flaubert&nbsp;\u00bb, <em>Un soir chez la princesse Mathilde. Une Bonaparte et les arts<\/em>, catalogue de l\u2019exposition pr\u00e9sent\u00e9e au Palais Fesch, mus\u00e9e des Beaux-Arts du 27 juin au 30 septembre 2019, SilvanaEditoriale, Ville d\u2019Ajaccio Palais Fesch Mus\u00e9e des Beaux-Arts, 2019, p.&nbsp;247-253.<\/p>\n\n\n\n<p>\u00ab&nbsp;Bouvard et P\u00e9cuchet sur leur terre&nbsp;: comment bien rater sans savoir pourquoi&nbsp;\u00bb, <em>Revue Flaubert<\/em>, n\u00b0&nbsp;18, 2019, \u00ab&nbsp;<em>Bouvard et P\u00e9cuchet <\/em>et l\u2019agriculture&nbsp;\u00bb, dir. St\u00e9phanie Dord-Crousl\u00e9 et \u00c9ric Le&nbsp;Calvez.<\/p>\n\n\n\n<p><a href=\"https:\/\/flaubert.univ-rouen.fr\/revue\/article.php?id=303\">https:\/\/flaubert.univ-rouen.fr\/revue\/article.php?id=303<\/a><\/p>\n\n\n\n<p>\u00ab&nbsp;Flaubert et Hugo racont\u00e9s par Gertrude Tennant&nbsp;\u00bb, avec Florence Naugrette, <em>Le Magasin du XIX<sup>e<\/sup>&nbsp;si\u00e8cle<\/em>, n\u00b0&nbsp;9, 2019, \u00ab&nbsp;L\u2019universel cabotinage&nbsp;\u00bb, Soci\u00e9t\u00e9 des \u00e9tudes romantiques et dix-neuvi\u00e9mistes, p.&nbsp;276-279.<\/p>\n\n\n\n<p>\u00ab&nbsp;Flaubert, la correspondance en d\u00e9bat&nbsp;\u00bb, dans <em>\u00c9crire l\u2019intime au temps du r\u00e9alisme et du naturalisme. M\u00e9langes offerts \u00e0 Pierre-Jean Dufief<\/em>, sous la dir. de Colette Becker, Jean-Louis Caban\u00e8s et Jean-Marc Hovasse, Honor\u00e9 Champion, 2020, p.&nbsp;102-116.<\/p>\n\n\n\n<p>\u00ab\u201cIci s\u2019arr\u00eate le manuscrit de Gustave Flaubert\u201d: \u0153uvres posthumes et in\u00e9dites\u202f\u00bb, dans <em>D\u2019outre-tombe&nbsp;: vie et destin des \u0153uvres posthumes<\/em>, actes du colloque organis\u00e9 \u00e0 l\u2019Universit\u00e9 de Rouen Normandie en juin 2018, publi\u00e9s par Aur\u00e9lien d\u2019Avout et Alex Pepino, Publications num\u00e9riques du C\u00c9R\u00c9dI, Actes de colloques et journ\u00e9es d\u2019\u00e9tude, n\u00b0\u202f25, 2020.<\/p>\n\n\n\n<p><a href=\"http:\/\/publis-shs.univ-rouen.fr\/ceredi\/index.php?id=867\">http:\/\/publis-shs.univ-rouen.fr\/ceredi\/index.php?id=867<\/a><\/p>\n\n\n\n<p>\u00ab&nbsp;<em>Il \u00e9tait \u00e0 l\u2019\u00e9tude<\/em>\u2026 Flaubert au coll\u00e8ge royal de Rouen&nbsp;\u00bb, <em>Revue d\u2019Histoire litt\u00e9raire de la France<\/em>, n\u00b0&nbsp;3, 2020, \u00ab&nbsp;Formations d\u2019\u00e9crivainsau XIX<sup>e<\/sup>&nbsp;si\u00e8cle. \u00c9coles, sociabilit\u00e9s, autodidaxies&nbsp;\u00bb, p.&nbsp;585-598.<\/p>\n\n\n\n<p><a href=\"https:\/\/hal.archives-ouvertes.fr\/hal-02924252\/?\">https:\/\/hal.archives-ouvertes.fr\/hal-02924252\/?<\/a><\/p>\n\n\n\n<p>\u00ab&nbsp;\u201cMadame Bovary, c\u2019est moi\u201d&nbsp;: quelques apparitions d\u2019un romancier impersonnel&nbsp;\u00bb, dans <em>Autobiographie et roman r\u00e9aliste ou naturaliste en France au XIX<sup>e<\/sup>&nbsp;si\u00e8cle<\/em>, textes rassembl\u00e9s et pr\u00e9sent\u00e9s par Silvia Disegni et Michela Lo Feudo, Edizioni Libreria Dante &amp; Descartes, 2020, p.&nbsp;47-67.<\/p>\n\n\n\n<p>\u00ab&nbsp;Caroline Commanville, auteur du tableau Jules Cloquet&nbsp;\u00bb, notice dans <em>Acad\u00e9mie nationale de m\u00e9decine. Catalogue des peintures et des sculptures<\/em>, sous la direction de J\u00e9r\u00f4me van Wijland, Gand, Snoeck, 2020, p.&nbsp;153-158.<\/p>\n\n\n\n<p>\u00ab&nbsp;Ne rien renier, ne rien abandonner: r\u00e9\u00e9crire \u2013 Flaubert ou la rumination perp\u00e9tuelle&nbsp;\u00bb, <em>Fabula\/ Les colloques<\/em>, \u00ab&nbsp;Le n\u00e9gatif de l\u2019\u00e9criture. Enqu\u00eates sur le pouvoir de d\u00e9cr\u00e9er&nbsp;\u00bb, textes r\u00e9unis par Jean-Louis Jeannelle et Fran\u00e7ois Vanoosthuyse, 2020. <a href=\"http:\/\/www.fabula.org\/colloques\/document6819.php\">http:\/\/www.fabula.org\/colloques\/document6819.php<\/a><\/p>\n\n\n\n<p>\u00ab&nbsp;Flaubert-Gautier, lettres crois\u00e9es&nbsp;\u00bb, <em>Bulletin de la Soci\u00e9t\u00e9 Th\u00e9ophile Gautier<\/em>, \u00ab&nbsp;Flaubert-Gautier, affinit\u00e9s \u00e9lectives&nbsp;\u00bb, textes r\u00e9unis par Anne Geisler-Szmulewicz et Martine Lavaud, n\u00b0&nbsp;42, 2020, p.&nbsp;25-39.<\/p>\n\n\n\n<p><a href=\"http:\/\/www.theophilegautier.fr\/wp-content\/uploads\/2020\/12\/BSTG-2020-sommaire1.pdf\">http:\/\/www.theophilegautier.fr\/wp-content\/uploads\/2020\/12\/BSTG-2020-sommaire1.pdf<\/a><\/p>\n\n\n\n<p>\u00ab&nbsp;L\u2019humanit\u00e9 au scalpel&nbsp;\u00bb, entretien, propos recueillis par Isabelle Schmitz, <em>Le Figaro hors-s\u00e9rie<\/em>, \u00ab&nbsp;Flaubert. La fureur d\u2019\u00e9crire&nbsp;\u00bb, [\u00e0 l\u2019occasion du bicentenaire de la naissance], janvier 2021, p.&nbsp;100-106.<\/p>\n\n\n\n<p>Entr\u00e9e \u00ab&nbsp;Flaubert&nbsp;\u00bb dans le <em>Dictionnaire Sade<\/em>, Christian Lacombe (\u00e9d.), L\u2019Harmattan, 2021.<\/p>\n\n\n\n<p>\u00ab&nbsp;Flaubert et l\u2019\u00c9cole de Rouen&nbsp;\u00bb, <em>Cahiers Flaubert-Maupassant<\/em>, n\u00b0&nbsp;39, 2020, p.&nbsp;55-66.<\/p>\n\n\n\n<p>\u00ab&nbsp;Gustave et Caroline, sa m\u00e8re&nbsp;\u00bb, <em>Cahiers Flaubert-Maupassant<\/em>, n\u00b0&nbsp;39, 2020, p.&nbsp;185-192.<\/p>\n\n\n\n<p>\u00ab&nbsp;Flaubert, trois fois normand&nbsp;\u00bb&nbsp;; \u00ab&nbsp;Trouville, la plage des \u201cchers fant\u00f4mes\u201d&nbsp;; \u00ab&nbsp;Qui parle normand&nbsp;?&nbsp;\u00bb&nbsp;; \u00ab&nbsp;<em>Bouvard et P\u00e9cuchet&nbsp;<\/em>: un trou normand&nbsp;\u00bb&nbsp;; \u00ab&nbsp;L\u2019\u0153uvre normande de Flaubert \u00e0 la biblioth\u00e8que patrimoniale de Rouen&nbsp;\u00bb, dans <em>La Normandie de Flaubert<\/em>, textes par l\u2019Association des Amis de Flaubert et de Maupassant, photographies par \u00c9ric B\u00e9nard, \u00c9ditions des Falaises, 2021.<\/p>\n\n\n\n<p>\u00ab&nbsp;Flaubert, homme de th\u00e9\u00e2tre&nbsp;\u00bb, <em>S\u00e9rie Flaubert, la Revue des Lettres modernes<\/em>, n\u00b0&nbsp;9, 2021, dossier \u00ab&nbsp;Gustave Flaubert et le th\u00e9\u00e2tre&nbsp;\u00bb, 2021, p.&nbsp;29-46.<\/p>\n\n\n\n<p>\u00ab\u201cLes fautes appartiennent aux ma\u00eetres\u201d. Flaubert et l\u2019\u00e9loge de l\u2019imperfection\u00bb, in Bonnier (Xavier), Laigneau-Fontaine (Sylvie) (dir.), <em>L\u2019Imperfection litt\u00e9raire et artistique en Europe. Antiquit\u00e9- XXI si\u00e8cle<\/em>, Classiques Garnier, coll. \u00abRencontres\u00bb, 2021, p.517-529.<br><a href=\"https:\/\/classiques-garnier.com\/l-imperfection-litteraire-et-artistique-en-europe-antiquite-xxie-siecle-les-fautes-appartiennent-aux-maitres.html\">https:\/\/classiques-garnier.com\/l-imperfection-litteraire-et-artistique-en-europe-antiquite-xxie-siecle-les-fautes-appartiennent-aux-maitres.html<\/a><\/p>\n\n\n\n<p>\u00ab&nbsp;La place de Flaubert dans le patrimoine litt\u00e9raire national&nbsp;\u00bb, <em>Hommage \u00e0 Flaubert, bicentenaire de sa naissance en 1821. Journ\u00e9e d\u2019\u00e9tudes<\/em>, Consortium des Soci\u00e9t\u00e9s savantes, Acad\u00e9mie des Sciences, Belles-Lettres et Arts de Rouen, 2022, p.&nbsp;7-26.<\/p>\n\n\n\n<p>\u00ab&nbsp;Le ch\u00e2teau de Mauny&nbsp;: les \u201cplus vieux souvenirs\u201d de Flaubert&nbsp;\u00bb, <em>Bulletin de la soci\u00e9t\u00e9 libre d\u2019\u00e9mulation de la Seine-Maritime<\/em>, \u00ab&nbsp;2121, hommage \u00e0 Gustave Flaubert&nbsp;\u00bb, 2022, p.&nbsp;69-81.<\/p>\n\n\n\n<p>\u00ab&nbsp;Devoirs scolaires et cr\u00e9ations libres dans les \u0153uvres de jeunesse&nbsp;\u00bb, dans <em>Flaubert au Coll\u00e8ge royal de Rouen, 1832-1839<\/em>, sous la direction de Jo\u00eblle Robert, <em>Cahiers Flaubert Maupassant<\/em>, n\u00b0&nbsp;41, hors-s\u00e9rie n\u00b0&nbsp;1, 2023, p.&nbsp;73-89.<\/p>\n\n\n\n<p>\u00ab&nbsp;Flaubert, Bouvard et P\u00e9cuchet chez Alfred Le&nbsp;Poittevin. \u201cLe nom de F\u00e9camp les avait frapp\u00e9s\u201d&nbsp;\u00bb, <em>Annales du patrimoine de F\u00e9camp<\/em>, n\u00b0&nbsp;26, Association F\u00e9camp Terre-Neuve, 2023, p.&nbsp;38-49.<\/p>\n\n\n\n<p>\u00ab&nbsp;Flaubert et saint Polycarpe. \u201cMon Dieu&nbsp;! mon Dieu&nbsp;! dans quel si\u00e8cle m\u2019avez-vous fait na\u00eetre&nbsp;!&nbsp;\u00bb, dans <em>Flaubert dans son si\u00e8cle<\/em>, Philippe Dufour et Gis\u00e8le S\u00e9ginger (dir.), Hermann, 2023, p.&nbsp;23-40.<\/p>\n\n\n\n<p>\u00ab&nbsp;Pouvoir de la litt\u00e9rature&nbsp;\u00bb, <em>Cahiers Flaubert Maupassant<\/em>, n\u00b0&nbsp;42, 2023, \u00ab&nbsp;Flaubert politique&nbsp;\u00bb, Yvan Leclerc et Fran\u00e7ois Vanoosthuyse (dir.), p.&nbsp;73-88. (Voir aussi \u00ab&nbsp;Introduction&nbsp;\u00bb, p.&nbsp;9-10&nbsp;; \u00ab&nbsp;Flaubert \u00e0 la cour imp\u00e9riale&nbsp;: quelques documents iconographiques&nbsp;\u00bb, p.&nbsp;201-208&nbsp;; \u00ab&nbsp;Flaubert \u201crouge\u201d&nbsp;: une lettre \u00e0 Louise Lepic, comment\u00e9e par la destinatrice&nbsp;\u00bb, p.&nbsp;209-219.)<\/p>\n\n\n\n<p>\u00ab&nbsp;La vie \u00e0 Croisset, mode d\u2019emploi&nbsp;\u00bb&nbsp;; \u00ab&nbsp;Les visiteurs&nbsp;\u00bb, <em>Cahiers Flaubert Maupassant<\/em>, n\u00b0&nbsp;43, 2024, \u00ab&nbsp;Les Flaubert et leur maison \u00e0 Croisset&nbsp;\u00bb, Guy Pessiot (dir.), p.&nbsp;107-128 et 129-134.<\/p>\n\n\n\n<p>\u00ab&nbsp;Flaubert et la b\u00eatise&nbsp;: \u201cC\u2019est l\u00e0 l\u2019ennemi. \u2013 Et m\u00eame il n\u2019y a pas d\u2019autre ennemi\u201d&nbsp;\u00bb, dans <em>\u00cates-vous idiots&nbsp;?<\/em>, Laurent Gervereau (dir.), Argentat-sur-Dordogne, Nuage Vert, en partenariat avec la Maison John et Eug\u00e9nie Bost, collection \u00ab&nbsp;Les Couleurs du Nuage&nbsp;\u00bb, 202 (\u00e0 l\u2019occasion de l\u2019exposition \u00ab&nbsp;Tous idiots&nbsp;? mais encore\u2026&nbsp;\u00bb, Maison John et Eug\u00e9nie Bost (Fondation John Bost, La Force, Dordogne, pr\u00e8s de Bergerac), mai 2024), p.102-124. <a href=\"https:\/\/www.lulu.com\/fr\/search?sortBy=RELEVANCE&amp;page=1&amp;q=Etes-vous+idiots+%3F&amp;pageSize=10&amp;adult_audience_rating=00\">Livre disponible en version papier ou num\u00e9rique<\/a>.<\/p>\n\n\n\n<p>\u00ab&nbsp;Amour terrestre et amour mystique dans les trois sujets de Flaubert con\u00e7us en Orient (Lettre \u00e0 Louis Bouilhet, 14&nbsp;novembre 1850)&nbsp;\u00bb, \u00ab&nbsp;Flaubert et l\u2019\u00e9ros&nbsp;\u00bb, <em>La Revue des lettres modernes<\/em>, 2025 \u2013 5, dir. Juliette Azoulai et Didier Philippot. S\u00e9rie Gustave Flaubert, n\u00b0&nbsp;10, p.&nbsp;117-142.<\/p>\n\n\n\n<p><strong><em>Conf\u00e9rences, tables rondes sans publication<\/em><\/strong><\/p>\n\n\n\n<p>\u00ab&nbsp;Correspondencia entre Flaubert y Maupassant&nbsp;\u00bb, conf\u00e9rence, Gustave Flaubert y la novela moderna, Universit\u00e9 de La Laguna, T\u00e9n\u00e9riffe, Espagne, 26 f\u00e9vrier 1992.<\/p>\n\n\n\n<p>\u00ab&nbsp;Flaubert et Maupassant&nbsp;\u00bb, Biblioth\u00e8que pour tous, Mont-Saint-Aignan, 23&nbsp;novembre 1993.<\/p>\n\n\n\n<p>\u00ab&nbsp;La Correspondance de Flaubert et de Maupassant&nbsp;\u00bb, Lire \u00e0 Saint-L\u00f4, Saint-L\u00f4, 18&nbsp;d\u00e9cembre 1993.<\/p>\n\n\n\n<p>\u00ab&nbsp;Flaubert et Maupassant sous le signe de Balzac&nbsp;\u00bb, Soci\u00e9t\u00e9 des Amis d\u2019Honor\u00e9 de Balzac et de la Maison de Balzac, entretien avec Thierry Bodin, Maison de Balzac, Paris, 15&nbsp;janvier 1994.<\/p>\n\n\n\n<p>\u00ab&nbsp;Pr\u00e9sentation de la Correspondance crois\u00e9e Flaubert-Maupassant&nbsp;\u00bb et \u00ab&nbsp;Flaubert vu par Maupassant dans ses Chroniques consacr\u00e9es au \u00ab&nbsp;ma\u00eetre&nbsp;\u00bb, Stage PAF-MAFPEN, CRDP Rouen, 7&nbsp;f\u00e9vrier 1994.<\/p>\n\n\n\n<p>\u00ab&nbsp;Quand Flaubert et Maupassant s\u2019\u00e9crivaient&nbsp;\u00bb, Soci\u00e9t\u00e9 libre de l\u2019Eure, 12&nbsp;mars 1994.<\/p>\n\n\n\n<p>\u00ab&nbsp;Le vieux et son jeune homme, ou la correspondance de Flaubert et de Maupassant&nbsp;\u00bb, Mini-universit\u00e9, Boulogne-Billancourt, 22&nbsp;mars 1994.<\/p>\n\n\n\n<p>\u00ab&nbsp;Flaubert et Maupassant en correspondance&nbsp;\u00bb, Soci\u00e9t\u00e9 des Sciences, Arts et Belles-Lettres de Bayeux, 4&nbsp;avril 1997.<\/p>\n\n\n\n<p>\u00ab&nbsp;La Correspondance Flaubert-Maupassant&nbsp;\u00bb, S\u00e9minaire d\u2019Andr\u00e9 Guyaux, Paris&nbsp;IV, 19&nbsp;mars 1998.<\/p>\n\n\n\n<p>\u00ab&nbsp;Flaubert et Maupassant&nbsp;\u00bb, conf\u00e9rence pour la formation des personnels de l\u2019universit\u00e9 de Rouen, 27&nbsp;avril 1998.<\/p>\n\n\n\n<p>Flaubert et Maupassant, conf\u00e9rence pour Rouen-Norwich Club, Mus\u00e9e Flaubert et d\u2019histoire de la m\u00e9decine, Rouen, 20&nbsp;mai 1999.<\/p>\n\n\n\n<p>Deux conf\u00e9rences sur <em>Bouvard et P\u00e9cuchet<\/em>, pendant l\u2019exposition \u00ab&nbsp;En miroir&nbsp;: hommage \u00e0 Bouvard et P\u00e9cuchet&nbsp;\u00bb (Mus\u00e9e Malraux, Le Havre, 21&nbsp;octobre 2000 \u2013 7&nbsp;janvier 2001)&nbsp;:<strong> \u00ab&nbsp;<\/strong>De l\u2019encyclop\u00e9die de Flaubert aux savoirs de l\u2019an 2000&nbsp;\u00bb, Mus\u00e9e Malraux, Le Havre, 25&nbsp;novembre 2000&nbsp;; \u00ab&nbsp;<em>Bouvard et P\u00e9cuchet&nbsp;<\/em>: inventaire, classification, statistique&nbsp;\u00bb, 26&nbsp;novembre 2000.<\/p>\n\n\n\n<p>\u00ab&nbsp;La correspondance de Flaubert&nbsp;\u00bb, Sorbonne, 2&nbsp;avril 2003.<\/p>\n\n\n\n<p>\u00ab&nbsp;Flaubert, <em>Un c\u0153ur simple<\/em>&nbsp;\u00bb, Lisieux, M\u00e9diath\u00e8que, 2&nbsp;avril 2005.<\/p>\n\n\n\n<p>\u00ab&nbsp;Du manuscrit \u00e0 l\u2019imprim\u00e9&nbsp;: Flaubert&nbsp;\u00bb, <em>Les Journ\u00e9es de la Pl\u00e9iade<\/em>, 26 et 27&nbsp;mai 2003, universit\u00e9 de Rouen.<\/p>\n\n\n\n<p>\u00ab&nbsp;La \u201ccouleur normande\u201d chez Flaubert&nbsp;\u00bb, Universit\u00e9 d\u2019\u00e9t\u00e9, PUN (P\u00f4le universitaire normand), 6&nbsp;juillet 2005.<\/p>\n\n\n\n<p>\u00ab&nbsp;<em>Madame Bovary<\/em>, m\u0153urs de province&nbsp;\u00bb, conf\u00e9rence \u00e0 Caudebec-l\u00e8s-Elbeuf, 9&nbsp;juin 2007.<\/p>\n\n\n\n<p>\u00ab&nbsp;Flaubert et Rouen&nbsp;\u00bb, conf\u00e9rence pour \u00ab&nbsp;Conna\u00eetre Rouen&nbsp;\u00bb, Rouen, 25&nbsp;mars 2008.<\/p>\n\n\n\n<p>\u00ab&nbsp;Le tome V de la correspondance de Flaubert&nbsp;\u00bb, Maison Balzac, Paris, 17&nbsp;mai 2008.<\/p>\n\n\n\n<p>\u00ab&nbsp;Pourquoi faut-il lire la correspondance des \u00e9crivains&nbsp;?&nbsp;\u00bb, rencontre-d\u00e9bat, Villa Marguerite Yourcenar, 13&nbsp;juin 2008.<\/p>\n\n\n\n<p>Conf\u00e9rence sur l\u2019\u00e9dition des manuscrits de Flaubert, correspondance et <em>Madame Bovary<\/em>, \u00c9coles des Chartes (2008-2012).<\/p>\n\n\n\n<p>\u00ab&nbsp;La Correspondance de Flaubert&nbsp;\u00bb, conf\u00e9rence donn\u00e9e pour la Soci\u00e9t\u00e9 japonaise de langue et litt\u00e9rature fran\u00e7aises, universit\u00e9 d\u2019Iwate, Japon, 9 novembre 2008.<\/p>\n\n\n\n<p>\u00ab&nbsp;Flaubert intime&nbsp;: sa correspondance&nbsp;\u00bb, Forum universitaire, Boulogne-Billancourt, 5&nbsp;mai 2009.<\/p>\n\n\n\n<p>\u00ab&nbsp;Le Ch\u00e2teau des c\u0153urs&nbsp;\u00bb, s\u00e9minaire \u00ab&nbsp;Flaubert et la f\u00e9erie&nbsp;\u00bb, s\u00e9ance organis\u00e9e par Didier Philippot, S\u00e9minaire sur la litt\u00e9rature du XIXe si\u00e8cle, Paris&nbsp;III-Paris&nbsp;IV, 23&nbsp;mai 2009.<\/p>\n\n\n\n<p>\u00ab&nbsp;La gen\u00e8se et l\u2019\u00e9laboration du projet de mise en ligne des manuscrits de <em>Madame Bovary<\/em>&nbsp;\u00bb, avec Pierre-Yves Cachard (BU du Havre), table ronde \u00ab&nbsp;Num\u00e9riser le patrimoine des biblioth\u00e8ques, un enjeu commun pour la recherche et la conservation&nbsp;\u00bb, Caen, 19&nbsp;novembre 2009.<\/p>\n\n\n\n<p>\u00ab&nbsp;Ce que nous savons de la jeunesse de Flaubert&nbsp;\u00bb, conf\u00e9rence au Mus\u00e9e Flaubert et d\u2019histoire de la m\u00e9decine, Rouen, 24&nbsp;avril 2010.<\/p>\n\n\n\n<p>\u00ab&nbsp;Flaubert entre local et global&nbsp;\u00bb, S\u00e9minaire de recherche du laboratoire \u00ab&nbsp;Ailleurs&nbsp;\u00bb, \u00ab&nbsp;Quel patrimoine pour l\u2019humanit\u00e9&nbsp;?&nbsp;\u00bb, universit\u00e9 de Rouen, 17&nbsp;juin 2010.<\/p>\n\n\n\n<p>\u00ab&nbsp;Flaubert, le gueuloir, la copie&nbsp;\u00bb, conf\u00e9rence au Th\u00e9\u00e2tre du hangar-Compagnie Jacques Bioul\u00e8s, Centre d\u2019art et de recherche \u00e0 Montpellier, 29&nbsp;octobre 2010, \u00e0 l\u2019occasion de la pi\u00e8ce de Jacques Bioul\u00e8s, \u00ab&nbsp;Il \u00e9tait une fois Gustave Flaubert\u2026&nbsp;\u00bb<\/p>\n\n\n\n<p>\u00ab&nbsp;Flaubert et Maupassant au fil de la Seine&nbsp;\u00bb, conf\u00e9rence pour les Amis des Mus\u00e9es de Rouen, Rouen, 7&nbsp;avril 2011&nbsp;; reprise \u00e0 la Biblioth\u00e8que Fran\u00e7ois-Truffaut, Petit-Quevilly, 5&nbsp;novembre 2011.<\/p>\n\n\n\n<p>\u00ab&nbsp;<em>Bouvard et P\u00e9cuchet<\/em>&nbsp;: de la copie papier au num\u00e9rique&nbsp;\u00bb, conf\u00e9rence, Mont-Saint-Aignan, Universit\u00e9 pour tous, 19 mai 2011.<\/p>\n\n\n\n<p>\u00ab&nbsp;Flaubert en Pays d\u2019Auge&nbsp;\u00bb, Journ\u00e9es europ\u00e9ennes du Patrimoine 2011, Deauville, Villa Strassburger, 17&nbsp;septembre 2011.<\/p>\n\n\n\n<p>\u00ab&nbsp;Flaubert \u00e0 Rouen&nbsp;\u00bb, conf\u00e9rence pendant l\u2019exposition \u00ab&nbsp;Flaubert. Les portraits de Maxime Adam-Tessier&nbsp;\u00bb, H\u00f4tel de Ville de Rouen, 8&nbsp;octobre 2011. R\u00e9daction des contenus des panneaux pour l\u2019exposition&nbsp;: chronologie, Flaubert \u00e0 Rouen, Rouen dans l\u2019\u0153uvre de Flaubert (14 septembre-8&nbsp;novembre 2011).<\/p>\n\n\n\n<p>\u00ab&nbsp;<em>Madame Bovary<\/em>, film de Vincente Minnelli&nbsp;\u00bb, pr\u00e9sentation et d\u00e9bat, cin\u00e9ma Omnia, Rouen, 25&nbsp;octobre 2011, dans le cadre des manifestations sur Flaubert organis\u00e9es par la Ville de Rouen.<\/p>\n\n\n\n<p>\u00ab&nbsp;<em>Bouvard et P\u00e9cuchet<\/em>, fiction encyclop\u00e9dique&nbsp;\u00bb, conf\u00e9rence, 14&nbsp;f\u00e9vrier 2012, s\u00e9minaire de Laurent Demanze, \u00ab&nbsp;Les fictions encyclop\u00e9diques, de Gustave Flaubert \u00e0 Pascal Quignard&nbsp;\u00bb, ENS Lyon.<\/p>\n\n\n\n<p>\u00ab&nbsp;<em>Madame Bovary<\/em>, de l\u2019\u00e9crit \u00e0 l\u2019\u00e9cran. L\u2019\u00e9dition \u00e9lectronique des manuscrits du roman de Flaubert&nbsp;\u00bb, conf\u00e9rence \u00e0 l\u2019Institut fran\u00e7ais, Bonn, 29&nbsp;octobre 2012.<\/p>\n\n\n\n<p>\u00ab&nbsp;Gustave Flaubert, maison natale, maison d\u2019\u00e9crivain&nbsp;\u00bb, conf\u00e9rence pour les Amis du Mus\u00e9e Flaubert et d\u2019histoire de la m\u00e9decine, Mus\u00e9e Flaubert, Rouen, 12&nbsp;d\u00e9cembre 2012.<\/p>\n\n\n\n<p>\u00ab&nbsp;Le voyage en \u00c9gypte de Flaubert&nbsp;\u00bb, conf\u00e9rence dans le cadre de l\u2019exposition <em>Gustave Flaubert, \u00ab&nbsp;Le voyage en \u00c9gypte&nbsp;\u00bb<\/em> au mus\u00e9e Flaubert et d\u2019histoire de la m\u00e9decine, Mus\u00e9e Flaubert, 24&nbsp;janvier 2013.<\/p>\n\n\n\n<p>\u00ab&nbsp;Flaubert tout num\u00e9rique&nbsp;: sites Flaubert, <em>Madame Bovary<\/em>, <em>Bouvard et P\u00e9cuchet<\/em>&nbsp;\u00bb, communication \u00e0 la journ\u00e9e d\u2019\u00e9tudes \u00ab&nbsp;Du manuscrit \u00e0 l\u2019archive num\u00e9rique. \u00c9diter l\u2019\u0153uvre d\u2019\u00c9mile Zola&nbsp;\u00bb, Paris III, 22&nbsp;mars 2013.<\/p>\n\n\n\n<p>\u00ab&nbsp;\u00c9dition \u00e9lectronique de la correspondance de Flaubert&nbsp;: ouverture du chantier&nbsp;\u00bb, pr\u00e9sentation \u00e0 l\u2019atelier annuel du consortium Cahier (Corpus d\u2019Auteurs pour Humanit\u00e9s&nbsp;: Informatisation, \u00c9dition, Recherche), Paris, 10&nbsp;d\u00e9cembre 2013.<\/p>\n\n\n\n<p>\u00ab&nbsp;Flaubert, conflit dans le genre&nbsp;\u00bb, conf\u00e9rence au XIIIe colloque annuel de la Society of Dix-neuvi\u00e9mistes, \u00ab&nbsp;Le Conflit&nbsp;\u00bb, University of Glasgow, 13-15&nbsp;avril 2015.<\/p>\n\n\n\n<p>\u00ab&nbsp;Flaubert et Maupassant, \u00e9crivains de Rouen, de Normandie, \u00e9crivains du monde&nbsp;\u00bb, conf\u00e9rence dans le cadre de la C\u00e9l\u00e9bration du 25<sup>e<\/sup>&nbsp;anniversaire des relations de jumelage entre les villes de Ningbo (Chine) et Rouen, 30&nbsp;avril 2015, Biblioth\u00e8que municipale de Ningbo.<\/p>\n\n\n\n<p>\u00ab&nbsp;\u00c9diter en ligne les manuscrits de Flaubert&nbsp;\u00bb, intervention lors de la journ\u00e9e de pr\u00e9sentation de projets de recherche, \u00ab&nbsp;Les sciences humaines et sociales 2.0. Les humanit\u00e9s num\u00e9riques \u00e0 l\u2019Universit\u00e9 de Rouen&nbsp;\u00bb, H\u00f4tel de R\u00e9gion, Rouen, 10 septembre 2015.<\/p>\n\n\n\n<p>Pr\u00e9sentation, d\u00e9bat avec Sophie Barthes, r\u00e9alisatrice de <em>Madame Bovary<\/em>, film, cin\u00e9ma <em>L\u2019Omnia<\/em>, Rouen, le 14 octobre 2015.<\/p>\n\n\n\n<p>\u00ab&nbsp;<em>Madame Bovary <\/em>(1857)&nbsp;: du proc\u00e8s \u00e0 la \u00ab&nbsp;Collection Michel L\u00e9vy&nbsp;\u00bb, un auteur popularis\u00e9 malgr\u00e9 lui&nbsp;\u00bb, s\u00e9minaire de Jean-Yves Mollier, \u00ab&nbsp;Histoire de l\u2019\u00e9dition, du livre et de la lecture en Europe et dans le monde du XVIII<sup>e&nbsp;<\/sup>si\u00e8cle au XXI<sup>e<\/sup>&nbsp;si\u00e8cle&nbsp;\u00bb, Universit\u00e9 Versailles-Sain-Quentin, 6&nbsp;novembre 2015.<\/p>\n\n\n\n<p>\u00ab&nbsp;Normandie et normandismes&nbsp;\u00bb, dans le cadre d\u2019une conf\u00e9rence \u00ab&nbsp;Sur les traces de Madame Bovary dans le Haut-Cailly et sa r\u00e9gion&nbsp;\u00bb, Cailly, Seine-Maritime, 30&nbsp;septembre 2016.<\/p>\n\n\n\n<p>\u00ab&nbsp;<em>Madame Bovary<\/em>, du fait divers local au \u00ab&nbsp;bovarysme&nbsp;\u00bb universel&nbsp;\u00bb, conf\u00e9rence, Yvetot, 24&nbsp;mars 2017, dans le cadre du festival \u00ab&nbsp;Terre de paroles&nbsp;\u00bb.<\/p>\n\n\n\n<p>En ligne&nbsp;:<\/p>\n\n\n\n<p><a href=\"https:\/\/mediatheque-ccry.fr\/madame-bovary-du-fait-divers-local-au-bovarysme-universel\">https:\/\/mediatheque-ccry.fr\/madame-bovary-du-fait-divers-local-au-bovarysme-universel<\/a><\/p>\n\n\n\n<p>Pr\u00e9sentation de l\u2019\u00e9dition \u00e9lectronique de la correspondance de Flaubert, Amis de Flaubert et de Maupassant, Rouen, 18 novembre 2017.<\/p>\n\n\n\n<p>Pr\u00e9sentation de <em>Madame Bovary au scalpel&nbsp;: gen\u00e8se, r\u00e9ception, critique<\/em>, Garnier, 2017 lors de la rencontre organis\u00e9e par Marianne Bouchardon et Jean-Louis Jeannelle, \u00ab&nbsp;Actualit\u00e9 de la th\u00e9orie litt\u00e9raire&nbsp;: le canon et ses marges&nbsp;\u00bb, Universit\u00e9 de Rouen, 29&nbsp;novembre 2017.<\/p>\n\n\n\n<p>\u00ab&nbsp;L\u2019autobiographie dans <em>L\u2019\u00c9ducation sentimentale<\/em>&nbsp;\u00bb, journ\u00e9e d\u2019\u00e9tude <em>L\u2019\u00c9ducation sentimentale<\/em>, programme d\u2019agr\u00e9gation, Universit\u00e9 de Rouen, 7 d\u00e9cembre 2017.<\/p>\n\n\n\n<p>\u00ab&nbsp;L\u2019anatomie vue par Bouvard et P\u00e9cuchet&nbsp;\u00bb, avec Fabrice Duparc, professeur d\u2019anatomie \u00e0 l\u2019universit\u00e9 de Rouen, Association des Amis du Mus\u00e9e Flaubert et d\u2019histoire de la m\u00e9decine, Rouen, 13&nbsp;janvier 2018.<\/p>\n\n\n\n<p>\u00ab&nbsp;Gen\u00e8ses flaubertiennes&nbsp;: des \u0153uvres et des lettres&nbsp;\u00bb, journ\u00e9es d\u2019\u00e9tudes \u00ab&nbsp;Alchimie du texte ou profanation de l\u2019\u0152uvre&nbsp;? La g\u00e9n\u00e9tique textuelle \u00e0 l\u2019\u00e9preuve du num\u00e9rique&nbsp;\u00bb, organis\u00e9es par Tony Gheeraert dans le cadre du master Humanit\u00e9s num\u00e9riques, Universit\u00e9 de Rouen, 1<sup>er<\/sup>&nbsp;mars 2018.<\/p>\n\n\n\n<p>\u00ab&nbsp;Deux livres m\u00e9dicaux lus par Flaubert&nbsp;: <em>Trait\u00e9 pratique du pied-bot <\/em>et <em>M\u00e9decine et hygi\u00e8ne des Arabes<\/em>&nbsp;\u00bb, journ\u00e9e sur \u00ab&nbsp;La Biblioth\u00e8que m\u00e9dicale des Flaubert&nbsp;\u00bb, Mus\u00e9e Flaubert, Rouen, 17&nbsp;mars 2018.<\/p>\n\n\n\n<p>Visite de Rouen, lieux Flaubert et Maupassant pour les Amis d\u2019Hector Malot, 18&nbsp;mars 2018.<\/p>\n\n\n\n<p>\u00ab&nbsp;Flaubert et ses 273 correspondants&nbsp;\u00bb, journ\u00e9e d\u2019\u00e9tudes \u00ab&nbsp;Correspondances en r\u00e9seaux&nbsp;\u00bb, Berne, Archives litt\u00e9raires suisses, 17 mai 2018.<\/p>\n\n\n\n<p>\u00ab&nbsp;Flaubert&nbsp;: voyage \u00e0 Jumi\u00e8ges et au Moyen \u00c2ge&nbsp;\u00bb, cycle de conf\u00e9rences \u00ab&nbsp;Les dimanches au salon&nbsp;\u00bb, Abbaye de Jumi\u00e8ges, 5&nbsp;ao\u00fbt 2018.<\/p>\n\n\n\n<p>\u00ab&nbsp;L\u2019anatomie selon Bouvard et P\u00e9cuchet&nbsp;\u00bb, avec Fabrice Duparc, professeur d\u2019anatomie \u00e0 l\u2019universit\u00e9 de Rouen, Acad\u00e9mie des Sciences, Belles-Lettres et Arts de Rouen&nbsp;\/ Universit\u00e9 de toutes les cultures, Rouen, H\u00f4tel des soci\u00e9t\u00e9s savantes, 31&nbsp;mai 2019.<\/p>\n\n\n\n<p>\u00ab&nbsp;Hyper-Flaubert&nbsp;\u00bb, avec Fran\u00e7ois Vanoosthuyse, Corpus et \u00e9ditions num\u00e9riques en Normandie, Journ\u00e9e de lancement du projet de recherches CORNUM, Universit\u00e9 de Rouen-Normandie, 7&nbsp;juin 2019.<\/p>\n\n\n\n<p>\u00ab&nbsp;L\u2019\u00e9dition num\u00e9rique de la correspondance de Flaubert&nbsp;: un chantier collaboratif&nbsp;\u00bb, avec Danielle Girard, s\u00e9minaire \u00ab&nbsp;Le patrimoine \u00e9crit conserv\u00e9 en Normandie \u00e0&nbsp; l\u2019\u00e8re du num\u00e9rique&nbsp;\u00bb, Archives d\u00e9partementales de Seine-Maritime et Biblioth\u00e8que Simone-de-Beauvoir, P\u00f4le culturel Grammont, 20&nbsp;septembre 2019.<\/p>\n\n\n\n<p>\u00ab&nbsp;Le dessin d\u2019art et d\u2019anatomie dans la famille Flaubert&nbsp;\u00bb, avec Fabrice Duparc, conf\u00e9rence pour les Amis du Mus\u00e9e Flaubert et d\u2019histoire de la m\u00e9decine, Rouen, 28&nbsp;septembre 2019.<\/p>\n\n\n\n<p>\u00ab&nbsp;Le voyage en \u00c9gypte de Gustave Flaubert&nbsp;\u00bb, Figeac, Mus\u00e9e Champollion, 15&nbsp;novembre 2019.<\/p>\n\n\n\n<p>\u00ab&nbsp;Flaubert et Gautier, correspondance crois\u00e9e&nbsp;\u00bb, journ\u00e9e d\u2019\u00e9tudes \u00ab&nbsp;Flaubert et Gautier, affinit\u00e9s \u00e9lectives&nbsp;\u00bb, Soci\u00e9t\u00e9 Th\u00e9ophile Gautier, Paris&nbsp;7, 22&nbsp;novembre 2019, \u00e0 para\u00eetre dans le <em>Bulletin de la Soci\u00e9t\u00e9 Th\u00e9ophile Gautier.<\/em><\/p>\n\n\n\n<p>\u00ab&nbsp;Les relations de Gustave Flaubert avec son p\u00e8re et son fr\u00e8re a\u00een\u00e9&nbsp;\u00bb, Groupe d\u2019Histoire des H\u00f4pitaux de Rouen, s\u00e9ance \u00ab&nbsp;La famille Flaubert et les h\u00f4pitaux de Rouen&nbsp;\u00bb, 6&nbsp;d\u00e9cembre 2019.<\/p>\n\n\n\n<p>\u00ab&nbsp;Sade chez Flaubert&nbsp;\u00bb, conf\u00e9rence avec Catriona Seth et Sophie Demoy, Association des Amis du Mus\u00e9e Flaubert et d\u2019histoire de la m\u00e9decine, Amphi Lecat, CHU, Rouen, 11&nbsp;janvier 2020.<\/p>\n\n\n\n<p>\u00ab&nbsp;Emma Bovary et autres femmes puissantes&nbsp;\u00bb, Biblioth\u00e8que patrimoniale de Rouen, 22&nbsp;janvier 2020, dans le cadre de l\u2019exposition \u00ab&nbsp;De pi\u00e8ces en pi\u00e8ces. 10&nbsp;ans d\u2019enrichissement patrimonial&nbsp;\u00bb.<\/p>\n\n\n\n<p>\u00ab&nbsp;Flaubert, un ennemi des images&nbsp;?&nbsp;\u00bb, Amis des Monuments rouennais, Rouen, 31&nbsp;mai 2022.<\/p>\n\n\n\n<p>\u00ab&nbsp;Recherches et conservation des fonds litt\u00e9raires. Vingt ans de coop\u00e9ration&nbsp;\u00bb, 16<sup>e<\/sup>&nbsp;\u00e9dition des Journ\u00e9es du patrimoine \u00e9crit, Rouen, 23-24&nbsp;juin 2022.<\/p>\n\n\n\n<p>Conf\u00e9rence sur <em>Madame Bovary<\/em>, Lyc\u00e9e Jeanne-d\u2019Arc, Rouen, invitation de Caroline Andriot-Saillant, 22&nbsp;mars 2025.<\/p>\n\n\n\n<h1 class=\"wp-block-heading\"><em>\u00c9missions de radio et t\u00e9l\u00e9vision<\/em><\/h1>\n\n\n\n<p>France-Culture, \u00ab&nbsp;Du jour au lendemain&nbsp;\u00bb avec Laure Adler, 16 mars 1988 [pour les <em>Carnets de travail <\/em>de Flaubert].<\/p>\n\n\n\n<p>France-Inter, \u00ab&nbsp;Noir sur blanc&nbsp;\u00bb avec Brigitte Kernel, 7 octobre 1991 [pour <em>Crimes \u00e9crits<\/em>].<\/p>\n\n\n\n<p>France-Culture, \u00ab&nbsp;Agora&nbsp;\u00bb avec Gilles Lapouge, 18 novembre 1991 [pour<em> Crimes \u00e9crits<\/em>].<\/p>\n\n\n\n<p>France-Culture, \u00ab&nbsp;Une vie, une \u0153uvre&nbsp;\u00bb, 1993.<\/p>\n\n\n\n<p>BBC, \u00ab&nbsp;The Bachelor of Rouen&nbsp;\u00bb avec Frank Delaney, 23 octobre 1994.<\/p>\n\n\n\n<p>France-Inter, \u00ab&nbsp;Bien entendu&nbsp;\u00bb, Flaubert \u00e0 Rouen et \u00e0 Croisset, 4 et 5 f\u00e9vrier 1998.<\/p>\n\n\n\n<p>France-Culture, \u00ab&nbsp;Les chemins de la connaissance&nbsp;\u00bb, avec Matthieu B\u00e9n\u00e9zet, 29 juin 2001&nbsp;; \u00ab&nbsp;Appel d\u2019air&nbsp;\u00bb avec Lise Andri\u00e8s, 29 juin 2001.<\/p>\n\n\n\n<p>France-Culture, \u00ab101 fragments passionn\u00e9s&nbsp;: Robert Musil&nbsp;\u00bb, par Christine Lecerf, 31&nbsp;ao\u00fbt et 1er septembre 2002 [sur les rapports Flaubert&nbsp;\/&nbsp;Musil].<\/p>\n\n\n\n<p>France-Culture, \u00ab&nbsp;Les Mardis litt\u00e9raires&nbsp;\u00bb, par Pascale Casanova, 3&nbsp;juillet 2007 [sur <em>Madame Bovary<\/em>, \u00e9dition en fac-simil\u00e9 de l\u2019exemplaire annot\u00e9 par Flaubert et sur <em>Le Candidat<\/em>].<\/p>\n\n\n\n<p>Radio Classique, \u00ab&nbsp;Hees bien raisonnable&nbsp;?&nbsp;\u00bb, par Jean-Luc Heess, 8&nbsp;novembre 2007 [sur <em>Madame Bovary<\/em>, \u00e9dition en fac-simil\u00e9].<\/p>\n\n\n\n<p>France-Culture, \u00ab&nbsp;Carnet nomade&nbsp;\u00bb, par Colette Fellous, \u00ab&nbsp;La correspondance de Flaubert&nbsp;\u00bb, 27&nbsp;janvier 2008.<\/p>\n\n\n\n<p>France-Culture, \u00ab&nbsp;Lettres recommand\u00e9es&nbsp;\u00bb, par Christine Lecerf, \u00ab&nbsp;La correspondance de Flaubert&nbsp;\u00bb, 19&nbsp;ao\u00fbt 2011.<\/p>\n\n\n\n<p>FR3 Normandie, Pays de Loire, Bretagne et Centre, \u00ab&nbsp;Les Maisons d\u2019\u00e9crivains&nbsp;\u00bb [Flaubert], \u00e9mission \u00ab&nbsp;Carte m\u00e9moire&nbsp;\u00bb, 17&nbsp;f\u00e9vrier 2012.<\/p>\n\n\n\n<p>France-Culture, \u00ab&nbsp;La Grande Table&nbsp;\u00bb, avec Michel Winock pour sa biographie de Flaubert et Alain Ferry, 3&nbsp;avril 2013.<\/p>\n\n\n\n<p>France-Inter, \u00ab&nbsp;L\u2019humeur vagabonde&nbsp;\u00bb, 20&nbsp;mai 2013, pour le dossier de la Saint-Polycarpe.<\/p>\n\n\n\n<p>France-Culture, \u00ab&nbsp;R\u00e9pliques&nbsp;\u00bb d\u2019Alain Finkielkraut, \u00ab&nbsp;Madame Bovary, c\u2019est qui&nbsp;?&nbsp;\u00bb avec Michel Winock et Yvan Leclerc, samedi 25 janvier 2014.<\/p>\n\n\n\n<p>Arte, \u00ab&nbsp;La Normandie de <em>Madame Bovary<\/em>&nbsp;\u00bb, dans \u00ab&nbsp;Invitation au voyage&nbsp;\u00bb, diffus\u00e9 en novembre 2017.<\/p>\n\n\n\n<figure class=\"wp-block-embed\"><div class=\"wp-block-embed__wrapper\">\nhttps:\/\/sites.arte.tv\/invitation-voyage\/fr\/video\/la-normandie-demma-bovary\n<\/div><\/figure>\n\n\n\n<p>France 3 Normandie et \u00e9dition nationale, l\u2019\u00e9dition de la correspondance de Flaubert en ligne, 2 et 3 d\u00e9cembre 2017.<\/p>\n\n\n\n<figure class=\"wp-block-embed\"><div class=\"wp-block-embed__wrapper\">\nhttps:\/\/www.france.tv\/france-3\/19-20-journal-national\/336925-edition-du-dimanche-3-decembre-2017.html\n<\/div><\/figure>\n\n\n\n<p>France-Culture, 5 avril 2018, \u00ab&nbsp;<em>Madame Bovary <\/em>et <em>Bouvard et P\u00e9cuchet<\/em>&nbsp;\u00bb, semaine Flaubert dans l\u2019\u00e9mission \u00ab&nbsp;La Compagnie des auteurs&nbsp;\u00bb, par Matthieu Garigou-Lagrange.<\/p>\n\n\n\n<p>France-Culture, 28&nbsp;juin 2018, \u00ab&nbsp;L\u2019amour par lettres (\u00e9ros et agap\u00e9&nbsp;\u00bb, semaine \u00ab&nbsp;Correspondances amoureuses&nbsp;\u00bb dans l\u2019\u00e9mission \u00ab&nbsp;La Compagnie des auteurs&nbsp;\u00bb, par Matthieu Garigou-Lagrange.<\/p>\n\n\n\n<p>France-Culture, 27&nbsp;mai 2019&nbsp;: \u00ab&nbsp;La Compagnie passe le bac&nbsp;(1\/4)&nbsp;: Madame Bovary au scalpel&nbsp;\u00bb, dans l\u2019\u00e9mission\u00ab&nbsp;La Compagnie des auteurs&nbsp;\u00bb, par Matthieu Garigou-Lagrange.<\/p>\n\n\n\n<p><strong>Sur Maupassant<\/strong><\/p>\n\n\n\n<p>\u00ab&nbsp;Maupassant&nbsp;: ouverture de chasse&nbsp;\u00bb, dans <em>Histoires de chasse, <\/em>catalogue de l\u2019exposition, Biblioth\u00e8que municipale de Rouen, 1992, p.&nbsp;199-208.<\/p>\n\n\n\n<p>\u00ab&nbsp;Maupassant&nbsp;: une vie, des oeuvres&nbsp;\u00bb, dans \u00ab&nbsp;Maupassant&nbsp;\u00bb, catalogue de l\u2019exposition du Centenaire, F\u00e9camp, Mus\u00e9es municipaux de F\u00e9camp, 1993, p.&nbsp;55-70 et p.&nbsp;82-141.<\/p>\n\n\n\n<p><em>Le Horla<\/em>, transcription, annotation, pr\u00e9face, Biblioth\u00e8que Nationale \/ CNRS \u00c9ditions&nbsp;\/ Zulma, coll. \u00ab&nbsp;Manuscrits&nbsp;\u00bb, 1993.<\/p>\n\n\n\n<p>\u00ab&nbsp;Maupassant&nbsp;: le texte hant\u00e9&nbsp;\u00bb, dans <em>Maupassant et l\u2019\u00e9criture, <\/em>actes du colloque de F\u00e9camp, dir. Louis Forestier, Nathan, 1993.<\/p>\n\n\n\n<p>\u00ab&nbsp;Maupassant, l\u2019imitation, le plagiat&nbsp;\u00bb, <em>Europe<\/em>, n\u00b0&nbsp;772-773, \u00ab&nbsp;Guy de Maupassant&nbsp;\u00bb, ao\u00fbt-septembre 1993, p.&nbsp;115-128.<\/p>\n\n\n\n<p>\u00ab&nbsp;Chronologie&nbsp;\u00bb, <em>Magazine litt\u00e9raire<\/em> n\u00b0&nbsp;310, mai 1993, p.&nbsp;18-27&nbsp;; \u00ab&nbsp;La Normandie de Maupassant&nbsp;\u00bb, p.&nbsp;28-29&nbsp;; \u00ab&nbsp;Derni\u00e8res parutions. Bibliographie&nbsp;\u00bb, p.&nbsp;93-97.<\/p>\n\n\n\n<p>\u00ab&nbsp;Flaubert le Patron&nbsp;\u00bb, actes de la table ronde \u00ab&nbsp;Maupassant et le groupe des Cinq&nbsp;\u00bb, Bougival, 17 octobre 1993, <em>Cahiers Tourgu\u00e9niev, <\/em>n\u00b0&nbsp;17-18, 1993-1994, p.&nbsp;53-56.<\/p>\n\n\n\n<p>\u00ab&nbsp;Maupassant \u00e0 l\u2019Universit\u00e9&nbsp;\u00bb, \u00e9tablissement et classement des th\u00e8ses en cours ou r\u00e9cemment soutenues sur Maupassant, <em>\u00c9tudes normandes<\/em>, n\u00b0&nbsp;2, 1990, p.&nbsp;130-133.<\/p>\n\n\n\n<p>Entr\u00e9es \u00ab&nbsp;Maupassant&nbsp;\u00bb, dans <em>Dictionnaire des \u0153uvres de la litt\u00e9rature fran\u00e7aise<\/em>, dir. Jean-Pierre de Beaumarchais et Daniel Couty, Bordas, 1994.<\/p>\n\n\n\n<p>\u00ab&nbsp;D\u2019un fantastique vraiment litt\u00e9raire&nbsp;\u00bb, <em>\u00c9tudes normandes<\/em>, n\u00b0&nbsp;2, 1994, p.&nbsp;66-74.<\/p>\n\n\n\n<p>\u00ab&nbsp;Maupassant, po\u00e8te naturaliste&nbsp;?&nbsp;\u00bb, <em>Bulletin Flaubert-Maupassant<\/em>, n\u00b0&nbsp;9, \u00ab&nbsp;Maupassant 2000&nbsp;\u00bb, 2001, p.&nbsp;181-193.<\/p>\n\n\n\n<p>\u00ab&nbsp;Maupassant&nbsp;: la difficult\u00e9 d\u2019\u00eatre&nbsp;\u00bb, <em>Magazine litt\u00e9raire<\/em>, n\u00b0&nbsp;422, juillet-ao\u00fbt 2003, \u00ab&nbsp;L\u2019Angoisse&nbsp;\u00bb, p.&nbsp;56-58.<\/p>\n\n\n\n<p>\u00ab&nbsp;Vers une bibliographie de Maupassant. Une aventure internationale&nbsp;\u00bb, <em>Bulletin Flaubert-Maupassant<\/em>, n\u00b0&nbsp;16, 2005, p.&nbsp;101-112.<\/p>\n\n\n\n<p><em>Guy de Maupassant<\/em>, sous la dir. de No\u00eblle Benhamou, Yvan Leclerc et Emmanuel Vincent, Paris, Rome, Memini, coll. \u00ab&nbsp;Bibliographie des \u00e9crivains fran\u00e7ais&nbsp;\u00bb, n\u00b0&nbsp;31, 2008, 2&nbsp;vol.<\/p>\n\n\n\n<p>\u00ab&nbsp;Maupassant th\u00e9oricien&nbsp;\u00bb, dans <em>Maupassant aujourd\u2019hui<\/em>, sous la dir. de Laure Helms et Jean-Louis Caban\u00e8s, <em>Recherches Interdisciplinaires sur les Textes Modernes<\/em>, n\u00b0&nbsp;39, Universit\u00e9 Paris Ouest \u2013 Nanterre La D\u00e9fense, 2008, p.&nbsp;17-33.<\/p>\n\n\n\n<p><em>Maupassant, le noir plaisir de raconter. La Maison Tellier, Contes du jour et de la nuit<\/em>, ouvrage coordonn\u00e9 par Yvan Leclerc, PUF-CNED, 2011.<\/p>\n\n\n\n<p>\u00ab&nbsp;Sans parler, sans penser&nbsp;: les silences des personnages&nbsp;\u00bb, dans <em>Lectures de Maupassant. La Maison Tellier, Contes du jour et de la nuit<\/em>, sous la dir. de Sylvie Thorel, PUR, 2011, p.&nbsp;23-34.<\/p>\n\n\n\n<p>\u00ab&nbsp;La \u201cr\u00e9trolecture\u201d des contes et nouvelles de Maupassant&nbsp;\u00bb, dans <em>Relire Maupassant. La Maison Tellier, Contes du jour et de la nuit<\/em>, \u00e9tudes r\u00e9unies par Antonia Fonyi, Pierre Glaudes et Alain Pag\u00e8s, Classiques Garnier, 2011, p.&nbsp;171-195.<\/p>\n\n\n\n<p>Entretien avec Marlo Johnston au sujet de sa biographie de Maupassant, Fayard, 2012, F\u00e9camp, \u00ab&nbsp;Normandie Impressionniste 2013&nbsp;\u00bb, 20 juin 2013.<\/p>\n\n\n\n<p>\u00ab&nbsp;Fiction&nbsp;\u00bb, entretien t\u00e9l\u00e9vis\u00e9, France&nbsp;5, lundi 23&nbsp;septembre 2013, 22h 15 (\u00e0 la suite de la diffusion des adaptions de <em>L\u2019H\u00e9ritage <\/em>et de <em>Hautot p\u00e8re et fils<\/em>, d\u2019apr\u00e8s Maupassant).<\/p>\n\n\n\n<p>\u00ab&nbsp;Marlo Johnston biographe de Maupassant&nbsp;\u00bb, <em>Bulletin Flaubert-Maupassant<\/em>, n\u00b0&nbsp;28, 2013, p.&nbsp;45-54.<\/p>\n\n\n\n<p>\u00ab&nbsp;Style fluide, style limpide chez Flaubert et Maupassant&nbsp;\u00bb, <em>Bulletin Flaubert-Maupassant<\/em>, n\u00b0&nbsp;29, 2014, \u00ab&nbsp;Eau, reflets, fluidit\u00e9s. Festival Normandie-Impressionniste&nbsp;\u00bb, p.&nbsp;105-117.<\/p>\n\n\n\n<p>\u00ab&nbsp;Le Havre dans <em>Pierre et Jean <\/em>de Maupassant&nbsp;\u00bb, dans <em>Vers une cartographie litt\u00e9raire du Havre. De Bernardin de Saint-Pierre \u00e0 Pascal Quignard<\/em>, sous la direction de Sonia Anton, Presses des universit\u00e9s de Rouen et du Havre, coll. \u00ab&nbsp;Le Havre territoire d\u2019\u00e9criture&nbsp;\u00bb, 2014, p.&nbsp;113-122 [journ\u00e9es d\u2019\u00e9tudes des 22-23&nbsp;mars 2012, universit\u00e9 du Havre].<\/p>\n\n\n\n<p>Entr\u00e9e \u00ab&nbsp;Maupassant&nbsp;\u00bb dans le <em>Dictionnaire Sade<\/em>, Christian Lacombe (\u00e9d.), L\u2019Harmattan, 2021.<\/p>\n\n\n\n<p>\u00ab&nbsp;Maupassant fr\u00e9quente Bouilhet et Flaubert&nbsp;\u00bb, <em>Cahiers Flaubert Maupassant<\/em>, n\u00b0&nbsp;40, 2022, p.&nbsp;95-107.<\/p>\n\n\n\n<p>\u00ab&nbsp;Maupassant, <em>La Trahison de la comtesse de Rhune&nbsp;<\/em>: le manuscrit de la pi\u00e8ce de th\u00e9\u00e2tre, annot\u00e9 par Flaubert&nbsp;\u00bb, <em>Cahiers Flaubert Maupassant<\/em>, n\u00b0&nbsp;40, 2022, p.&nbsp;169-184.<\/p>\n\n\n\n<p>\u00ab&nbsp;Lettre de Maupassant \u00e0 Ivan Tourgu\u00e9niev, 25&nbsp;mai 1880&nbsp;\u00bb, <em>Cahiers Flaubert Maupassant<\/em>, n\u00b0&nbsp;40, 2022, p.&nbsp;199-207.<\/p>\n\n\n\n<p>\u00ab&nbsp;Une lettre in\u00e9dite de Caroline Commanville \u00e0 Maupassant, 10&nbsp;novembre 1883&nbsp;\u00bb, <em>Cahiers Flaubert Maupassant<\/em>, n\u00b0&nbsp;40, 2022, p.&nbsp;209-212.<\/p>\n\n\n\n<p><strong>Sur Barbey d\u2019Aurevilly<\/strong><\/p>\n\n\n\n<p>\u00ab&nbsp;Le paysage oral de Barbey d\u2019Aurevilly&nbsp;\u00bb, <em>\u00c9tudes normandes<\/em>, n\u00b0&nbsp;1, 1989, p.&nbsp;21-26.<\/p>\n\n\n\n<p>\u00ab&nbsp;<em>Les Diaboliques<\/em> en proc\u00e8s&nbsp;\u00bb, communication au colloque \u00ab&nbsp;Barbey d\u2019Aurevilly&nbsp;: ombre et lumi\u00e8re&nbsp;\u00bb, dir. Joseph-Marc Bailb\u00e9, Rouen, 17-18 mai 1989, Publication du Conseil g\u00e9n\u00e9ral de Seine-Maritime, 1990&nbsp;; repris dans <em>Crimes \u00e9crits<\/em> (version modifi\u00e9e).<\/p>\n\n\n\n<p><strong>Autres travaux sur le XIXe&nbsp;si\u00e8cle<\/strong><\/p>\n\n\n\n<p><strong><em>Ouvrage<\/em><\/strong><\/p>\n\n\n\n<p><em>Crimes \u00e9crits. La litt\u00e9rature en proc\u00e8s au XIXe<\/em> <em>si\u00e8cle<\/em>, Plon, 1991.<\/p>\n\n\n\n<p><strong><em>Articles<\/em><\/strong><\/p>\n\n\n\n<p>\u00ab&nbsp;La sourde provocation de la nature&nbsp;: paysages litt\u00e9raires de la Vend\u00e9e et de la Chouannerie&nbsp;\u00bb [sur <em>les Chouans, Quatre-vingt-treize, le Chevalier des Touches<\/em>], dans <em>Vend\u00e9e, Chouannerie, Litt\u00e9rature<\/em>, actes du colloque d\u2019Angers, 12-15 d\u00e9cembre 1985&nbsp;; PU d\u2019Angers, 1986, p.&nbsp;357-365.<\/p>\n\n\n\n<p>\u00ab&nbsp;\u201cX en soi&nbsp;?\u201d Laforgue et l\u2019identit\u00e9&nbsp;\u00bb, colloque Jules Laforgue, mars 1988, <em>Romantisme<\/em>, n\u00b0&nbsp;64, 1989, p.&nbsp;29-37.<\/p>\n\n\n\n<p>\u00ab&nbsp;L\u2019idylle-Hugo&nbsp;: le groupe des Idylles dans <em>La L\u00e9gende des si\u00e8cles<\/em>&nbsp;\u00bb, dans <em>La&nbsp;Pastorale fran\u00e7aise<\/em>, dir. A. Niderst, <em>Biblio 17<\/em>, n\u00b0&nbsp;63, Paris-Seattle-T\u00fcbingen, 1991, p.&nbsp;149-156.<\/p>\n\n\n\n<p>\u00ab&nbsp;Figures de la d\u00e9cadence romaine au XIXe&nbsp;si\u00e8cle&nbsp;\u00bb, <em>Magazine litt\u00e9raire<\/em>, f\u00e9vrier 1991, n\u00b0&nbsp;285, p.&nbsp;48-51.<\/p>\n\n\n\n<p>\u00ab&nbsp;G\u00e9n\u00e9ration romantique&nbsp;\u00bb [sur George Sand], <em>Magazine litt\u00e9raire<\/em>, n\u00b0&nbsp;295, janvier 1992, p.&nbsp;33-35.<\/p>\n\n\n\n<p>\u00ab&nbsp;Po\u00e9tique de Musset&nbsp;\u00bb, <em>Op.&nbsp;cit.<\/em>, U. de Pau, novembre 1995, p.&nbsp;149-154.<\/p>\n\n\n\n<p>Dossier Chateaubriand, <em>Magazine litt\u00e9raire<\/em>, n\u00b0&nbsp;366, juin 1998&nbsp;: chronologie, \u00ab&nbsp;<em>Les M\u00e9moires d\u2019outre-tombe<\/em>&nbsp;: le monument du temps&nbsp;\u00bb; entretien avec Jean-Claude. Berchet; in\u00e9dit des <em>M\u00e9moires de ma vie<\/em>; comptes rendus; bibliographie.<\/p>\n\n\n\n<p>\u00ab&nbsp;Le libertinage au XIXe si\u00e8cle&nbsp;\u00bb, <em>Magazine litt\u00e9raire<\/em>, n\u00b0&nbsp;371, d\u00e9cembre 1998, p.&nbsp;45-47&nbsp;; repris sous le titre \u00ab&nbsp;Baudelaire et Flaubert, orphelins du marquis&nbsp;\u00bb, <em>Le Magazine Litt\u00e9raire<\/em> Collections, hors-s\u00e9rie n\u00b0&nbsp;15, novembre-d\u00e9cembre 2008, dossier \u00ab&nbsp;Sade, les fortunes du vice&nbsp;\u00bb, p&nbsp;84-86.<\/p>\n\n\n\n<p>\u00ab&nbsp;\u00c9thique, esth\u00e9tique, spiritualit\u00e9 dans les \u201cArts po\u00e9tiques\u201d du XIXe si\u00e8cle&nbsp;\u00bb, dans <em>\u00c9thique et litt\u00e9rature, XIXe-XXe&nbsp;si\u00e8cles<\/em>, textes r\u00e9unis par El\u00e9onore Roy-Reverzy et Gis\u00e8le S\u00e9ginger, PU de Strasbourg, 2000, p.&nbsp;17-26.<\/p>\n\n\n\n<p>\u00ab&nbsp;Postface&nbsp;\u00bb, dans <em>Province-Paris. Topographie litt\u00e9raire du XIXe si\u00e8cle<\/em>, textes r\u00e9unis par Am\u00e9lie Djourachkovitch et Yvan Leclerc, actes du colloque de Rouen, 19 et 20 mars 1999, PU de Rouen, 2000, p.&nbsp;431-434.<\/p>\n\n\n\n<p>\u00ab&nbsp;Figure du po\u00e8te dans <em>Les Complaintes<\/em>&nbsp;\u00bb, dans \u00ab&nbsp;<em>Les Complaintes&nbsp;\u00bb<\/em> <em>de Jules Laforgue, \u00ab&nbsp;L\u2019id\u00e9al et Cie&nbsp;\u00bb<\/em>, Soci\u00e9t\u00e9 des \u00c9tudes Romantiques, Sedes, 2000, p.&nbsp;59-73.<\/p>\n\n\n\n<p>\u00ab&nbsp;Le milieu et le moment des <em>Complaintes<\/em>&nbsp;\u00bb, dans \u00ab&nbsp;<em>Les Complaintes&nbsp;\u00bb, Jules Laforgue<\/em>, dir. D.&nbsp;Delas et F.-Ch. Gaudard, Ellipses, 2000, p.&nbsp;43-59.<\/p>\n\n\n\n<p>\u00ab&nbsp;En marge du naturalisme&nbsp;: le \u201cth\u00e9\u00e2tre r\u00e9aliste\u201d de Fr\u00e9d\u00e9ric de Chirac&nbsp;\u00bb, dans <em>Les d\u00e9r\u00e8glements de l\u2019art<\/em>, dir. Paul Popovic et \u00c9ric Vigneault, Les Presses de l\u2019Universit\u00e9 de Montr\u00e9al, 2000, p.&nbsp;247-263.<\/p>\n\n\n\n<p>\u00ab&nbsp;<em>Les Fleurs<\/em> au tribunal&nbsp;\u00bb, <em>Magazine litt\u00e9raire<\/em>, n\u00b0&nbsp;418, mars 2003, dossier \u00ab&nbsp;Baudelaire&nbsp;\u00bb, p.&nbsp;28-29&nbsp;; repris dans <em>Charles Baudelaire<\/em>, Le Magazine litt\u00e9raire, coll. \u00ab&nbsp;Nouveaux regards&nbsp;\u00bb, 2014,&nbsp; p.&nbsp;35-40.<\/p>\n\n\n\n<p>Avant-propos du num\u00e9ro de <em>Romantisme<\/em> consacr\u00e9 \u00e0 \u00ab&nbsp;Ma\u00eetres et disciples&nbsp;\u00bb, n\u00b0&nbsp;122, 2003-4, p.&nbsp;3-6 (num\u00e9ro dirig\u00e9 par Yvan Leclerc).<\/p>\n\n\n\n<p>\u00ab&nbsp;Le proc\u00e8s du <em>Dictionnaire universel <\/em>de Maurice Lach\u00e2tre parmi les proc\u00e8s litt\u00e9raires du XIXe si\u00e8cle&nbsp;\u00bb, dans <em>Dictionnaires en proc\u00e8s<\/em>, Fran\u00e7ois Gaudin (\u00e9d.), Lambert-Lucas, 2015, p.&nbsp;75-87. [Journ\u00e9e d\u2019\u00e9tude \u00ab&nbsp;Dictionnaires en proc\u00e8s sous le Second Empire&nbsp;\u00bb, Universit\u00e9 de Rouen, 16&nbsp;janvier 2009].<\/p>\n\n\n\n<p>\u00ab&nbsp;Un carnet in\u00e9dit de Louis Bouilhet&nbsp;: <em>Impressions philosophiques<\/em>&nbsp;\u00bb, <em>Cahiers Flaubert-Maupassant<\/em>, n\u00b0&nbsp;32, 2016, p.&nbsp;143-153.<\/p>\n\n\n\n<p>Entr\u00e9e \u00ab&nbsp;Baudelaire&nbsp;\u00bb dans le <em>Dictionnaire Sade<\/em>, Christian Lacombe (\u00e9d.), L\u2019Harmattan, 2021.<\/p>\n\n\n\n<p><strong>XXe si\u00e8cle<\/strong><\/p>\n\n\n\n<p><strong><em>Ouvrage<\/em><\/strong><\/p>\n\n\n\n<p><em>Lectures de <\/em>\u00ab&nbsp;<em>Fictions&nbsp;\u00bb de Borges, mythe et r\u00e9cit<\/em>, Belin, 1988.<\/p>\n\n\n\n<p><strong><em>Articles<\/em><\/strong><\/p>\n\n\n\n<p>\u00ab&nbsp;Mythologie et empire de la \u201cfrancit\u00e9\u201d chez Roland Barthes&nbsp;\u00bb, communication au groupe de recherche \u00ab&nbsp;Litt\u00e9rature et Nation&nbsp;\u00bb, Tours, 1983.<\/p>\n\n\n\n<p>\u00ab&nbsp;Pour une culture mineure ?&nbsp;\u00bb, <em>Litt\u00e9rature et Nation<\/em>, n\u00b0&nbsp;6, Tours, mai 1986.<\/p>\n\n\n\n<p><strong>Sur Ren\u00e9 Guy Cadou<\/strong><\/p>\n\n\n\n<p>\u00ab&nbsp;Ren\u00e9 Guy Cadou et l\u2019\u00c9cole de Rochefort&nbsp;\u00bb, dans <em>L\u2019\u00c9cole de Rochefort<\/em>, actes du colloque d\u2019Angers, 8-10 d\u00e9cembre 1983, PU d\u2019Angers, 1984, p.&nbsp;134-143.<\/p>\n\n\n\n<p>\u00ab&nbsp;Le nom de Ren\u00e9 Guy Cadou, du propre au commun&nbsp;\u00bb, <em>Po\u00e9sie 87<\/em>, n\u00b0&nbsp;20, novembre-d\u00e9cembre 1987.<\/p>\n\n\n\n<p>\u00ab&nbsp;<em>La Maison d\u2019\u00e9t\u00e9<\/em>&nbsp;: \u201cdes mots qui viennent \u00e0 la place d\u2019autres&#8230; \u201d&nbsp;\u00bb, <em>Signes<\/em>, n\u00b0&nbsp;12-13, Les \u00c9ditions du Petit V\u00e9hicule, Nantes, 1990, p.&nbsp;25-28.<\/p>\n\n\n\n<p><strong>Sur L\u00e9opold S\u00e9dar Senghor<\/strong><\/p>\n\n\n\n<p>\u00ab&nbsp;Quelques figures d\u2019une rh\u00e9torique de la n\u00e9gritude&nbsp;\u00bb, <em>Sud<\/em>, n\u00b0&nbsp;63, p.&nbsp;35-42.<\/p>\n\n\n\n<p>\u00ab&nbsp;Po\u00e9sie, oralit\u00e9, \u00e9criture&nbsp;\u00bb, dans <em>L\u00e9opold S\u00e9dar Senghor<\/em>, actes du colloque de Cerisy, \u00e9t\u00e9 1986,<em> Sud<\/em>, 1987, p.&nbsp;165-188.<\/p>\n\n\n\n<p><strong>Sur Marguerite Yourcenar<\/strong><\/p>\n\n\n\n<p>\u00ab&nbsp;Le Labyrinthe du Moi&nbsp;\u00bb, dans <em>Marguerite Yourcenar. Une \u00e9criture de la m\u00e9moire<\/em> actes du colloque de Tours, 1985, <em>Sud<\/em>, 1990, p.&nbsp;211-222.<\/p>\n\n\n\n<p>\u00ab&nbsp;Comment parler de soi?&nbsp;\u00bb, <em>Il Confronto Letterario<\/em>. Quaderni del dipartimento di lingue e letterature straniere moderne dell\u2019Universit\u00e0 di Pavia, actes du colloque de Pavie, 8 novembre1985, supplemento al n\u00b0&nbsp;5, Schena editore, 1986, p.&nbsp;81-90.<\/p>\n\n\n\n<p>\u00ab&nbsp;Notes de voyage&nbsp;\u00bb, dans <em>Voyage et connaissance dans l\u2019\u0153uvre de Marguerite Yourcenar, <\/em>dir. C. Biondi et C. Rosso, Editrice Libreria Goliardica, Pise, 1988, p.&nbsp;137-147.<\/p>\n\n\n\n<p>\u00ab&nbsp;Tombeaux et pierres tombales&nbsp;\u00bb, dans. <em>Marguerite Yourcenar et l\u2019art, l\u2019art de Marguerite Yourcenar<\/em>, actes du colloque de Tours, novembre 1988, Soci\u00e9t\u00e9 Internationale d\u2019\u00c9tudes Yourcenariennes, Tours, 1990, p.&nbsp;129-136.<\/p>\n\n\n\n<p>\u00ab&nbsp;Lettres de Marguerite Yourcenar \u00e0 des chercheurs&nbsp;\u00bb, <em>Soci\u00e9t\u00e9 internationale d\u2019\u00c9tudes Yourcenariennes<\/em>, n\u00b0&nbsp;38, d\u00e9cembre 2017, p.&nbsp;152-155 [deux lettres envoy\u00e9es \u00e0 Yvan Leclerc, 21&nbsp;d\u00e9cembre 1985 et 28&nbsp;septembre 1987].<\/p>\n\n\n\n<p><strong>Sur Pierre Reverdy<\/strong><\/p>\n\n\n\n<p>\u00ab&nbsp;Itin\u00e9raires de Pierre Reverdy&nbsp;\u00bb, conf\u00e9rence, Journ\u00e9e internationale de la Po\u00e9sie, 1983, <em>Sciences et Arts<\/em>, Le Mans, 1984.<\/p>\n\n\n\n<p>\u00ab&nbsp;Notes sur l\u2019esth\u00e9tique de Pierre Reverdy&nbsp;\u00bb, <em>Pages ouvertes<\/em>,n\u00b0&nbsp;1, Le Mans, mars 1985.<\/p>\n\n\n\n<p>Publication et commentaire de d\u00e9dicaces de Pierre Reverdy, <em>Lectures de Pierre Reverdy<\/em>, n\u00b0&nbsp;2, Sabl\u00e9-sur-Sarthe, novembre 1984.<\/p>\n\n\n\n<p>\u00ab&nbsp;\u00c9crit sur Pierre&nbsp;\u00bb, <em>Lectures de Pierre Reverdy<\/em>, n\u00b03, Sabl\u00e9-sur-Sarthe, avril 1986.<\/p>\n\n\n\n<p><em>Pierre Reverdy, formes plastiques, formes po\u00e9tiques<\/em>, CDDP de la Sarthe, 1989.<\/p>\n\n\n\n<p><em>Lire Reverdy<\/em> (coordination, pr\u00e9face, bibliographie, article&nbsp;: \u00ab&nbsp;Antibiographie&nbsp;\u00bb), PU de Lyon, 1990.<\/p>\n\n\n\n<p>\u00ab&nbsp;Sans ratures&nbsp;: la non-gen\u00e8se du po\u00e8me&nbsp;\u00bb, dans <em>Reverdy aujourd\u2019hui<\/em>, actes des Rencontres sur la po\u00e9sie moderne, \u00c9cole normale sup\u00e9rieure, 22-24 juin 1989, PNS, 1991, p.&nbsp;141-149.<\/p>\n\n\n\n<p><em>Le Centenaire de Pierre Reverdy<\/em>, actes du colloque international de septembre 1989, Angers, Sabl\u00e9, Solesmes (organisation et coordination des actes avec G. Cesbron&nbsp;; avant-propos&nbsp;: \u00ab&nbsp;Des paroles aux Actes&nbsp;\u00bb), PU d\u2019Angers, 1990.<\/p>\n\n\n\n<p><strong>\u00c9crivains contemporains<\/strong><\/p>\n\n\n\n<p>\u00ab&nbsp;Autour de Minuit&nbsp;: Bon, \u00c9chenoz, Redonnet, Toussaint&nbsp;\u00bb, <em>Dalhousie French studies<\/em>, actes du colloque international de litt\u00e9rature contemporaine, Halifax (Canada), septembre 1988, n\u00b0&nbsp;17, 1989, p.&nbsp;63-74.<\/p>\n\n\n\n<p>\u00ab&nbsp;Voir le vrai tomber juste&nbsp;\u00bb [sur Fran\u00e7ois Bon], <em>Critique<\/em>, n\u00b0&nbsp;503, avril 1989, p.&nbsp;247-258.<\/p>\n\n\n\n<p>\u00ab&nbsp;Fran\u00e7ois Bon&nbsp;\u00bb, <em>La Licorne<\/em>, \u00ab&nbsp;Comment peut-on \u00eatre moderne?&nbsp;\u00bb, U. de Poitiers, 1990.<\/p>\n\n\n\n<p>\u00ab&nbsp;Abstraction faite&nbsp;\u00bb [sur Jean-Philippe Toussaint], <em>Critique<\/em> n\u00b0&nbsp;510, novembre 1989, p.&nbsp;889-902.<\/p>\n\n\n\n<p>\u00ab&nbsp;La grande pat\u00e8re&nbsp;\u00bb [sur <em>Rimbaud le fils<\/em>], dans <em>Compagnies de Pierre Michon, <\/em>Verdier&nbsp;\/ Th\u00e9odore Balmoral, 1993, p.&nbsp;61-65.<\/p>\n\n\n\n<p>Entretien avec Philippe Delerm, \u00e0 propos de sa contribution au volume <em>Lettres \u00e0 Flaubert<\/em>, Mus\u00e9e Flaubert et d\u2019histoire de la m\u00e9decine, Rouen, 9&nbsp;d\u00e9cembre 2017.<\/p>\n\n\n\n<p><strong>Divers<\/strong><\/p>\n\n\n\n<p>\u00ab&nbsp;L\u2019\u00e9crit de la f\u00e9e&nbsp;\u00bb [sur la transmission d\u2019une l\u00e9gende mayennaise, de l\u2019oral \u00e0 l\u2019\u00e9crit], dans <em>Langue et litt\u00e9rature orale dans l\u2019Ouest de la France<\/em>, actes du colloque d\u2019Angers, 14-15 mai 1982, PU d\u2019Angers, 1983, p.&nbsp;284-298.<\/p>\n\n\n\n<p>\u00ab&nbsp;Le paysage exotique de <em>Paul et Virginie<\/em>&nbsp;: dialectique du proche et du lointain&nbsp;\u00bb, dans <em>Exotisme et cr\u00e9ation<\/em>, PU de Lyon Jean-Moulin, L\u2019Herm\u00e8s, Lyon, 1985.<\/p>\n\n\n\n<p>\u00ab&nbsp;Comment naissent les textes?&nbsp;\u00bb [sur la critique g\u00e9n\u00e9tique], <em>Journal litt\u00e9raire<\/em>,&nbsp; n\u00b0&nbsp;2, d\u00e9cembre 1987, p.&nbsp;139-140.<\/p>\n\n\n\n<p>Conf\u00e9rences sur les m\u00e9thodes de la critique moderne&nbsp;: la th\u00e9matique&nbsp;; Centre culturel \u00ab&nbsp;Les Fontaines&nbsp;\u00bb, Chantilly, 1982.<\/p>\n\n\n\n<p>\u00ab&nbsp;Po\u00e9tique de la note dans <em>Agenda<\/em>&nbsp;\u00bb, dans <em>Louis Guillaume, 1907-1971<\/em>, <em>actes du colloque du 7 d\u00e9cembre 1991 et catalogue de l\u2019exposition<\/em>, Biblioth\u00e8que historique de la Ville de Paris, 1991, p.&nbsp;61-76.<\/p>\n\n\n\n<p>\u00ab&nbsp;Ce que r\u00e9v\u00e8lent les manuscrits&nbsp;\u00bb [sur la critique g\u00e9n\u00e9tique], <em>Magazine litt\u00e9raire, <\/em>n\u00b0&nbsp;330, mars 1995, p.&nbsp;118-127.<\/p>\n\n\n\n<p><em>Censure et critique<\/em>, en codirection avec Laurence Mac\u00e9 et Claudine Pouloin, Classiques Garnier, \u00e0 para\u00eetre en 2015 (actes du colloque Censure et critique (XVII<sup>e<\/sup>-XXI<sup>e<\/sup> si\u00e8cles, Rouen, 4-6 avril 2013).<\/p>\n\n\n\n<p><em>Divers, conf\u00e9rences<\/em><\/p>\n\n\n\n<p>\u00ab&nbsp;Critique litt\u00e9raire et savoir&nbsp;\u00bb, colloque \u00ab&nbsp;La recherche en sciences humaines et sociales en Haute-Normandie&nbsp;: luxe ou n\u00e9cessit\u00e9&nbsp;?&nbsp;\u00bb, Universit\u00e9 de Rouen, 19-20 d\u00e9cembre 1996.<\/p>\n\n\n\n<p>\u00ab&nbsp;Objets-fantasmes&nbsp;\u00bb, Universit\u00e9 de Cluj, Roumanie, juin 1997.<\/p>\n\n\n\n<p>\u00ab&nbsp;Po\u00e9tique de la ville au XIXe&nbsp;si\u00e8cle&nbsp;\u00bb, colloque \u00ab&nbsp;La ville dans tous ses \u00e9tats&nbsp;\u00bb, Universit\u00e9 de Rouen, 1er-2 octobre 1997.<\/p>\n\n\n\n<p>\u00ab&nbsp;Le proc\u00e8s du <em>Dictionnaire universel <\/em>de Maurice Lach\u00e2tre parmi les proc\u00e8s litt\u00e9raires sous le Second Empire&nbsp;\u00bb, journ\u00e9e d\u2019\u00e9tude \u00ab&nbsp;Dictionnaires en proc\u00e8s sous le Second Empire&nbsp;\u00bb, Universit\u00e9 de Rouen, 16&nbsp;janvier 2009.<\/p>\n\n\n\n<p><strong>Sur l\u2019\u00e9pistolaire<\/strong><\/p>\n\n\n\n<p>\u00ab&nbsp;Rapports de la correspondance et de l\u2019\u0153uvre des \u00e9crivains&nbsp;\u00bb, dans <em>Les&nbsp;Correspondances<\/em>, actes du colloque de Nantes, 4-7 octobre 1982, PU de Nantes, 1982, p.&nbsp;451-456.<\/p>\n\n\n\n<p>\u00ab&nbsp;Sp\u00e9cificit\u00e9 de l\u2019\u00e9criture \u00e9pistolaire&nbsp;\u00bb, dans <em>Des mots et des images pour correspondre<\/em>, actes du colloque de Nantes, septembre 1984, PU de Nantes, 1984, p.&nbsp;177-178.<\/p>\n\n\n\n<p><em>Correspondances amoureuses<\/em>, choix, introduction et notes, Garnier, <em>Le Monde<\/em>, coll. \u00ab&nbsp;Les grands classiques de la litt\u00e9rature libertine&nbsp;\u00bb, t.&nbsp;9, 2010.<\/p>\n\n\n\n<p><strong>Litt\u00e9rature qu\u00e9b\u00e9coise<\/strong><\/p>\n\n\n\n<p>\u00ab&nbsp;Les trois d\u00e9fis d\u2019Hubert Aquin dans <em>Trou de m\u00e9moire<\/em>&nbsp;\u00bb, dans <em>D\u00e9fi \/ challenge dans le roman canadien<\/em>, dir. Jacques Leclaire, Cahiers de l\u2019IPEC, PU de Rouen, 1994, p.&nbsp;51-57.<\/p>\n\n\n\n<p>\u00ab&nbsp;Voix narratives et po\u00e9tique de la voix dans les romans d\u2019Anne H\u00e9bert&nbsp;\u00bb, dans <em>Anne H\u00e9bert, parcours d\u2019une \u0153uvre<\/em>, actes du colloque de la Sorbonne, 29-30 mai 1996, L\u2019Hexagone, Montr\u00e9al, 1997, p.&nbsp;185-197.<\/p>\n\n\n\n<p><strong>Entretiens<\/strong><\/p>\n\n\n\n<p>Entretien avec Paul B\u00e9nichou, <em>Magazine litt\u00e9raire, <\/em>n\u00b0&nbsp;301, juillet-ao\u00fbt 1992, p.&nbsp;98-104&nbsp;; repris dans<em> M\u00e9langes sur l\u2019\u0153uvre de Paul B\u00e9nichou,<\/em> Gallimard, 1995, p.&nbsp;207-224.<\/p>\n\n\n\n<p>Entretien avec G\u00e9rard Genette [sur <em>L\u2019\u0152uvre de l\u2019art<\/em>], <em>Magazine litt\u00e9raire, <\/em>n\u00b0&nbsp;328, janvier 1995, p.&nbsp;96-102.<\/p>\n\n\n\n<p>Entretien avec Jean-Pierre Richard [sur <em>Terrains de lecture<\/em>], <em>Magazine litt\u00e9raire,<\/em> n\u00b0&nbsp;345, juillet-ao\u00fbt 1996, p.&nbsp;96-102. Repris dans <em>Litt\u00e9rature<\/em>, n\u00b0&nbsp;164, d\u00e9cembre 2011, p.&nbsp;93-103 et dans Jean-Pierre Richard, <em>Sur la critique et autres essais<\/em>, \u00c9ditions La Baconni\u00e8re, 2022, p.&nbsp;85-97.<\/p>\n\n\n\n<p>Entretien avec Tzetan Todorov, <em>Magazine litt\u00e9raire<\/em>, n\u00b0&nbsp;371, d\u00e9cembre 1998, p.&nbsp;99-103.<\/p>\n\n\n\n<p><strong>Collaborations au <em>Monde des Livres<\/em><\/strong><\/p>\n\n\n\n<p>\u00ab&nbsp;Madame Bovary a 150 ans&nbsp;\u00bb (14&nbsp;avril 2006).<\/p>\n\n\n\n<p>\u00ab&nbsp;L\u2019affaire <em>Le Rouge et le Noir<\/em>&nbsp;\u00bb (9&nbsp;juin 2006).<\/p>\n\n\n\n<p><strong>Comptes rendus et notes de lecture<\/strong><\/p>\n\n\n\n<p>Jean-Pierre Richard, <em>Pages paysages, Microlectures II<\/em>, Seuil, 1984&nbsp;\u2013 c.r. dans <em>Corps \u00e9crit<\/em>, n\u00b0&nbsp;13.<\/p>\n\n\n\n<p><em>Territoires de l\u2019imaginaire<\/em>. <em>Pour Jean-Pierre Richard<\/em>, textes r\u00e9unis par Jean-Claude Mathieu, Seuil, 1986 \u2013 c.r. dans <em>Corps \u00e9crit<\/em>, n\u00b0&nbsp;22.<\/p>\n\n\n\n<p>Pierre Reverdy, <em>Flaques de verre<\/em>, \u00e9dition de Daniel Leuwers, Flammarion, 1984 \u2013 c.r. dans <em>Lectures de Pierre Reverdy<\/em>, n\u00b0&nbsp;2, novembre 1984.<\/p>\n\n\n\n<p>G\u00e9rard Bocholier, <em>Pierre Reverdy. <\/em>&nbsp;<em>Le Phare obscur<\/em>, Champ Vallon, 1984 \u2013 c.r. dans <em>Lectures de Pierre Reverdy<\/em>,n\u00b02, novembre 1984.<\/p>\n\n\n\n<p>\u00ab&nbsp;La maison Baudelaire&nbsp;\u00bb, <em>Journal litt\u00e9raire<\/em>, n\u00b0&nbsp;1, septembre 1987, p.&nbsp;143-144 [sans signature].<\/p>\n\n\n\n<p>G\u00e9rard Genette, <em>Seuils<\/em>, Seuil, coll. \u00ab&nbsp;Po\u00e9tique&nbsp;\u00bb, 1987 \u2013 c.r. dans <em>Corps \u00e9crit<\/em>,&nbsp; n\u00b0&nbsp;24.<\/p>\n\n\n\n<p>Jean-Yves Tadi\u00e9, <em>La critique litt\u00e9raire au XXe si\u00e8cle<\/em>, Belfond, 1987 \u2013 c.r. dans <em>Corps \u00e9crit<\/em>, n\u00b0&nbsp;24.<\/p>\n\n\n\n<p>Philippe Bonnefis, <em>Comme Maupassant<\/em>, PU de Lille, 1981 \u2013 c.r. dans <em>\u00c9tudes normandes<\/em>, n\u00b0&nbsp;3, 1988.<\/p>\n\n\n\n<p>Philippe Bonnefis, \u00ab&nbsp;Exposition d\u2019un perroquet&nbsp;\u00bb dans <em>Mesures de l\u2019ombre<\/em>, PU de Lille, 1987 \u2013 c.r. dans <em>\u00c9tudes normandes<\/em>, n\u00b0&nbsp;3, 1988.<\/p>\n\n\n\n<p>Flaubert-Du Camp, <em>Par les champs et par les gr\u00e8ves<\/em>, \u00e9dition critique par Adrienne J. Tooke, Droz, 1987 \u2013 c.r. dans <em>\u00c9tudes normandes<\/em>, n\u00b0&nbsp;3, 1988.<\/p>\n\n\n\n<p>Ross Chambers, <em>M\u00e9lancolie et opposition<\/em>, Jos\u00e9 Corti, 1987 \u2013 c.r. dans <em>\u00c9tudes normandes<\/em>, n\u00b0&nbsp;3, 1988.<\/p>\n\n\n\n<p>Raymonde Debray-Genette, <em>M\u00e9tamorphoses du r\u00e9cit.&nbsp;Autour de Flaubert<\/em>, Seuil, coll. \u00ab&nbsp;Po\u00e9tique&nbsp;\u00bb, 1988 \u2013 c.r. dans <em>\u00c9tudes normandes<\/em>, n\u00b0&nbsp;3, 1988.<\/p>\n\n\n\n<p>Anne Herschberg-Pierrot, <em>Le Dictionnaire des id\u00e9es re\u00e7ues de Flaubert<\/em>, PU de Lille, 1988 \u2013 c.r. dans <em>Pr\u00e9face<\/em>, n\u00b0&nbsp;10, 1988.<\/p>\n\n\n\n<p>Jean-Claude Lafay, <em>Le r\u00e9el et la critique dans \u00ab&nbsp;Madame Bovary&nbsp;\u00bb de Flaubert,<\/em> Minard, coll. \u00ab&nbsp;Archives des lettres modernes&nbsp;\u00bb, 1986 \u2013 c.r. dans <em>RHLF<\/em>, 1989-1.<\/p>\n\n\n\n<p><em>Laforgue aujourd\u2019hui<\/em>, textes r\u00e9unis et pr\u00e9sent\u00e9s par James Hiddleston, Corti, 1988 \u2013 c.r. dans <em>Romantisme, <\/em>n\u00b0&nbsp;64, 1989.<\/p>\n\n\n\n<p>Juan Plazaola, <em>Le baron Taylor, portrait d\u2019un homme d\u2019avenir<\/em>, Fondation Taylor, 1990 \u2013 c.r. dans <em>Magazine litt\u00e9raire, <\/em>n\u00b0&nbsp;276, p.&nbsp;84.<\/p>\n\n\n\n<p>Annie Stora-Lamarre, <em>L\u2019enfer de la IIIe R\u00e9publique. Censeurs et pornographes (1881-1914)<\/em>, Imago, 1990 \u2013 c.r. dans <em>Magazine litt\u00e9raire, <\/em>n\u00b0&nbsp;277, p.&nbsp;90.<\/p>\n\n\n\n<p><em>Fins de si\u00e8cle<\/em>, PU du Mirail, 1990 \u2013 c.r. dans <em>Magazine litt\u00e9raire<\/em>, n\u00b0&nbsp;279, p.&nbsp;11.<\/p>\n\n\n\n<p><em>L\u2019esprit fumiste et les rires fin de si\u00e8cle<\/em>, anthologie r\u00e9unie et pr\u00e9sent\u00e9e par D.&nbsp;Grojnowski et B. Sarrazin, Corti, 1990 \u2013 c.r. dans <em>Magazine litt\u00e9raire<\/em>, n\u00b0&nbsp;279, p.&nbsp;57.<\/p>\n\n\n\n<p>\u00ab&nbsp;S\u00e9duction de Sand&nbsp;\u00bb [sur six livres] \u2013 c.r. dans <em>Magazine litt\u00e9raire<\/em>, n\u00b0&nbsp;280, p.&nbsp;85-88.<\/p>\n\n\n\n<p>\u00ab&nbsp;L\u00e9on Bloy&nbsp;\u00bb [sur cinq livres], <em>Magazine litt\u00e9raire,<\/em> n\u00b0&nbsp;283, p.&nbsp;86-87.<\/p>\n\n\n\n<p>Charles Monselet, <em>La Lorgnette litt\u00e9raire<\/em> \u2013 c.r. dans <em>Magazine litt\u00e9raire, <\/em>n\u00b0&nbsp;283, p.&nbsp;8.<\/p>\n\n\n\n<p>Lamartine, <em>M\u00e9moires de jeunesse <\/em>\u2013 c.r. dans <em>Magazine litt\u00e9raire<\/em>, n\u00b0&nbsp;283, p.&nbsp;11.<\/p>\n\n\n\n<p>Pierre Pachet, <em>Les Barom\u00e8tres de l\u2019\u00e2me<\/em>, Hatier, 1991 \u2013 \u00ab&nbsp;De l\u2019intime&nbsp;\u00bb, c.r. dans <em>Critique<\/em>, n\u00b0&nbsp;524-525, , janvier-f\u00e9vrier 1991, p.&nbsp;103-106.<\/p>\n\n\n\n<p>Jean-Pierre Richard, <em>L\u2019\u00c9tat des choses<\/em>, Gallimard, 1990&nbsp; \u2013 \u00ab&nbsp;Sept motifs pour Jean-Pierre Richard&nbsp;\u00bb, c.r. dans <em>Litt\u00e9rature, <\/em>n\u00b0&nbsp;80, d\u00e9cembre 1990, p.&nbsp;112-119.<\/p>\n\n\n\n<p><em>Flaubert, l\u2019autre. Pour Jean Bruneau<\/em>, PU de Lyon, 1989 \u2013 c.r. dans <em>\u00c9tudes normandes<\/em>, n\u00b0&nbsp;2, 1990.<\/p>\n\n\n\n<p>Henri Troyat, <em>Flaubert<\/em>, Flammarion, 1988 et <em>Maupassant<\/em>, Flammarion, 1989&nbsp;; Herbert Lottman, <em>Flaubert<\/em>, Fayard, 1989 \u2013 c.r. dans <em>\u00c9tudes normandes<\/em>, n\u00b0&nbsp;2, 1990.<\/p>\n\n\n\n<p>Maupassant, <em>Les Dimanches d\u2019un bourgeois de Paris<\/em>, pr\u00e9sent\u00e9 et annot\u00e9 par Louis Forestier, Sedes, 1989, <em>\u00c9tudes normandes, <\/em>n\u00b0&nbsp;2, 1990.<\/p>\n\n\n\n<p>Maupassant, <em>Lettres d\u2019Afrique<\/em>, La Bo\u00eete \u00e0 documents, 1990 \u2013 c.r. dans <em>Magazine litt\u00e9raire<\/em>,n\u00b0&nbsp;287, avril 1991, p.&nbsp;9.<\/p>\n\n\n\n<p>Pierre-Louis Mathieu, <em>La G\u00e9n\u00e9ration symboliste, 1870-1910&nbsp;<\/em>; Skira, 1990 \u2013 \u00ab&nbsp;Sous le signe du cygne&nbsp;\u00bb, c.r. dans <em>Magazine litt\u00e9raire<\/em>, n\u00b0&nbsp;288, mai 1991, p.&nbsp;64-66.<\/p>\n\n\n\n<p>Francis Poictevin, <em>Derniers songes <\/em>suivi de<em> Double<\/em>, Safrat \u2013 c.r. dans <em>Magazine litt\u00e9raire<\/em>, n\u00b0&nbsp;290, p.&nbsp;10.<\/p>\n\n\n\n<p>Flaubert, <em>Correspondance<\/em>, \u00e9d. Jean Bruneau, Gallimard, Bibl. de la Pl\u00e9iade, t. III, 1991 [et autres livres] \u2013 \u00ab&nbsp;Variations sur Flaubert&nbsp;\u00bb, c.r. dans <em>Magazine litt\u00e9raire<\/em>, n\u00b0&nbsp;290, p.&nbsp;79-82.<\/p>\n\n\n\n<p>Ren\u00e9-Pierre Colin, <em>Tranches de vie. Zola et le coup de force naturaliste<\/em>, Du L\u00e9rot, \u00ab&nbsp;D\u2019apr\u00e8s nature&nbsp;\u00bb \u2013 c.r. dans <em>Magazine litt\u00e9raire,<\/em> n\u00b0&nbsp;293, novembre 1991, p.&nbsp;10.<\/p>\n\n\n\n<p>Flaubert, <em>Correspondance<\/em>, \u00e9d. Jean Bruneau, Gallimard, Bibl. de la Pl\u00e9iade, t. III, 1991 \u2013 c.r. dans <em>\u00c9tudes normandes<\/em>, 1992-1, p.&nbsp;83.<\/p>\n\n\n\n<p>Maupassant, <em>Toine<\/em>, \u00e9d. Louis Forestier, Gallimard, Folio \u2013 c.r. dans <em>\u00c9tudes normandes, <\/em>1992-1, p.&nbsp;84.<\/p>\n\n\n\n<p>Jean Borie, <em>Huysmans, le Diable, le c\u00e9libataire et Dieu<\/em>, Grasset, 1991 \u2013 \u00ab&nbsp;La machine c\u00e9libataire de J.-K Huysmans&nbsp;\u00bb, c.r. dans <em>Magazine litt\u00e9raire<\/em>, n\u00b0&nbsp;295, janvier 1992, p.&nbsp;76-78.<\/p>\n\n\n\n<p>Jean Valmy-Baysse, <em>Andr\u00e9 Gill, l\u2019impertinent<\/em>, \u00c9d. du F\u00e9lin \u2013 c.r. dans <em>Magazine litt\u00e9raire, <\/em>n\u00b0&nbsp;296, f\u00e9vrier 1992, p.&nbsp;8-9.<\/p>\n\n\n\n<p>Flaubert, <em>Voyage en \u00c9gypte<\/em>, Grasset, 1991 \u2013 \u00ab&nbsp;Flaubert, l\u2019or de l\u2019Orient ou rien&nbsp;\u00bb, c.r. dans <em>Magazine litt\u00e9raire<\/em>, n\u00b0&nbsp;296, f\u00e9vrier 1992, p.&nbsp;86-89.<\/p>\n\n\n\n<p>Th\u00e9ophile Gautier, <em>Baudelaire<\/em>, Castor Astral, 1992 \u2013 c.r. dans <em>Magazine litt\u00e9raire<\/em>, n\u00b0&nbsp;297, mars 1992, p.&nbsp;11.<\/p>\n\n\n\n<p>[Sur deux collections consacr\u00e9es au XIXe] \u2013 \u00ab&nbsp;Dix-neuvi\u00e8me&nbsp;\u00bb, c.r. dans <em>Magazine litt\u00e9raire,<\/em> n\u00b0&nbsp;299, mai 1992, p.&nbsp;8-9.<\/p>\n\n\n\n<p>Jacques Bienvenu, <em>Maupassant, Flaubert et le Horla<\/em>, \u00c9d. Muntaner, 1992 \u2013 c.r. dans <em>Magazine litt\u00e9raire, <\/em>n\u00b0&nbsp;300, juin 1992, p.&nbsp;12-13.<\/p>\n\n\n\n<p>Vincent Kaufmann, <em>L\u2019\u00c9quivoque \u00e9pistolaire<\/em>, \u00c9d. de Minuit, 1990 \u2013 c.r. dans <em>Kritikon Litterarum<\/em>, 18, 1991, Thesen Verlag Darmstadt, p.&nbsp;156-157.<\/p>\n\n\n\n<p><em>Eug\u00e8ne Boudin<\/em>, Antith\u00e8se, 1992 \u2013 c.r. dans <em>Magazine litt\u00e9raire, <\/em>n\u00b0&nbsp;302, septembre 1992, p.&nbsp;7.<\/p>\n\n\n\n<p>Hubert de Phal\u00e8se, <em>Comptes \u00ab&nbsp;A rebours&nbsp;\u00bb,<\/em> Nizet, 1991 \u2013 c.r. dans <em>Kritikon Litterarum<\/em>, 19-1992, p.&nbsp;29-30.<\/p>\n\n\n\n<p>Timothy Unwin, <em>Art et infini. L\u2019\u0153uvre de jeunesse de Gustave Flaubert, <\/em>Amsterdam, Rodopi, 1991 \u2013 c.r. dans <em>Kritikon Litterarun<\/em>, 19-1992, p.&nbsp;28-29.<\/p>\n\n\n\n<p>Christian Bernadac, <em>Dessins et aquarelles, George Sand<\/em>, Belfond \u2013 c.r. dans <em>Magazine litt\u00e9raire<\/em>, n\u00b0&nbsp;304, novembre 1992, p.&nbsp;7.<\/p>\n\n\n\n<p>[7 ouvrages sur Renan] \u2013 \u00ab&nbsp;Renan, taupier et torpilleur&nbsp;\u00bb, c.r. dans <em>Magazine litt\u00e9raire,<\/em> n\u00b0&nbsp;306, janvier 1993, p.&nbsp;79-81.<\/p>\n\n\n\n<p><em>Usages de l\u2019image au XIXe si\u00e8cle<\/em>, dir. S. Michaud et autres, Cr\u00e9aphis, 1992 \u2013 c.r. dans <em>Magazine litt\u00e9raire<\/em>, n\u00b0&nbsp;306, janvier 1993, p.&nbsp;81.<\/p>\n\n\n\n<p>F\u00e8vre-Desprez [3 livres] \u2013 c.r. dans <em>Magazine litt\u00e9raire<\/em>, n\u00b0&nbsp;307, f\u00e9vrier 1993, p.&nbsp;9.<\/p>\n\n\n\n<p>Mallarm\u00e9, <em>\u00c9pouser la notion<\/em>, \u00e9d. Jean-Pierre Richard, Fata morgana \u2013 c.r. dans <em>Magazine litt\u00e9raire<\/em>, n\u00b0&nbsp;307, f\u00e9vrier 1993, p.&nbsp;10.<\/p>\n\n\n\n<p>Vall\u00e8s, <em>Souvenirs d\u2019un \u00e9tudiant pauvre<\/em>, Du L\u00e9rot&nbsp;; Jean Richepin, <em>Les \u00c9tapes d\u2019un r\u00e9fractaire,<\/em> Champ Vallon \u2013 c.r. dans <em>Magazine litt\u00e9raire, <\/em>n\u00b0&nbsp;313, septembre&nbsp;1993, p.&nbsp;11.<\/p>\n\n\n\n<p><em>Genesis <\/em>n\u00b03, 1993 \u2013 c.r. dans <em>Magazine litt\u00e9raire<\/em>, n\u00b0&nbsp;313, septembre 1993, p.&nbsp;11.<\/p>\n\n\n\n<p>Maupassant, <em>Choses et autres. Choix de chroniques litt\u00e9raires et mondaines (1876-1890), <\/em>Livre de Poche&nbsp;; <em>Fort comme la mort, <\/em>Presses Pocket \u2013 c.r. dans <em>Magazine litt\u00e9raire, <\/em>n\u00b0&nbsp;313, septembre 1993, p.&nbsp;105.<\/p>\n\n\n\n<p>Melvin Zimmerman, <em>Visions du monde. Baudelaire et Cie, <\/em>Nizet, 1991 \u2013 c.r. dans <em>Kritikon Litterarum, <\/em>n\u00b0&nbsp;20, 1993, p.&nbsp;17-18.<\/p>\n\n\n\n<p>[11 ouvrages sur Maupassant] \u2013 \u00ab&nbsp;Maupassant, fin du centenaire&nbsp;\u00bb, c.r. dans <em>Magazine litt\u00e9raire, <\/em>n\u00b0&nbsp;317, janvier 1994, p.&nbsp;87-90.<\/p>\n\n\n\n<p>Fran\u00e7oise Pitt-Rivers, <em>Balzac et l\u2019art, <\/em>Ch\u00eane&nbsp;; <em>Le \u00ab&nbsp;Moment&nbsp;\u00bb de La Com\u00e9die humaine, <\/em>P.U. de Vincennes \u2013 c.r. dans <em>Magazine litt\u00e9raire, <\/em>n\u00b0&nbsp;319, mars 1994, p.&nbsp;11.<\/p>\n\n\n\n<p>Anatole France, <em>\u0152uvres,<\/em> Bibl. de laPl\u00e9iade, t. IV&nbsp;; M.-Cl. Bancquart, <em>Anatole France <\/em>\u2013 c.r. dans <em>Magazine litt\u00e9raire, <\/em>n\u00b0&nbsp;320, avril 1994, p.&nbsp;144-145.<\/p>\n\n\n\n<p>Alain Buisine, <em>L\u2019Orient voil\u00e9, <\/em>Zulma \u2013 c.r. dans <em>Magazine litt\u00e9raire, <\/em>n\u00b0&nbsp;320, avril 1994, p.&nbsp;151.<\/p>\n\n\n\n<p>Jean Chalon, <em>Liane de Pougy, <\/em>Flammarion \u2013 c.r. dans <em>Magazine litt\u00e9raire, <\/em>n\u00b0&nbsp;323, ao\u00fbt 1994, p.&nbsp;90-92.<\/p>\n\n\n\n<p>Pierre Danger, <em>Pulsion et d\u00e9sir dans les romans et nouvelles de Guy de Maupassant<\/em>, Nizet, 1993 \u2013 c.r. dans <em>R.H.L.F., <\/em>septembre-octobre&nbsp;1995, 5, p.&nbsp;831.<\/p>\n\n\n\n<p>Isabelle Daunais, <em>Flaubert et la sc\u00e9nographie romanesque,<\/em> Nizet, 1993 \u2013 c.r. dans <em>Kritikon Litterarum<\/em>, n\u00b0&nbsp;22, 1995, p.&nbsp;22-23.<\/p>\n\n\n\n<p>Alain Buisine, <em>Verlaine<\/em>, Tallandier, 1995 \u2013 c.r. dans <em>Magazine litt\u00e9raire, <\/em>n\u00b0&nbsp;339, janvier 1996, p.&nbsp;78-79.<\/p>\n\n\n\n<p><em>Tombeau de Verlaine<\/em>, \u00e9d. Jacques Drillon, Le Promeneur, 1995&nbsp;; Guy Goffette, <em>Verlaine d\u2019ardoise et de pluie<\/em>, Gallimard, 1995 \u2013 c.r. dans <em>Magazine litt\u00e9raire, <\/em>n\u00b0&nbsp;340, f\u00e9vrier 1996, p.&nbsp;86.<\/p>\n\n\n\n<p>G. Delaisement,<em> La Modernit\u00e9 de Maupassant<\/em>, \u00c9d. Rive Droite&nbsp;; Ph. Bonnefis<em> Parfums. Son nom de Bel-Ami<\/em>, Galil\u00e9e \u2013 c.r. dans <em>Magazine litt\u00e9raire, <\/em>n\u00b0&nbsp;342, avril 1996, p.&nbsp;123-124.<\/p>\n\n\n\n<p>G\u00e9rard de Senneville,<em> Maxime Du Camp.&nbsp;Un spectateur engag\u00e9 du XIXe si\u00e8cle<\/em>, Stock \u2013 c.r. dans <em>Magazine litt\u00e9raire, <\/em>n\u00b0&nbsp;345, juillet-ao\u00fbt 1996, p.&nbsp;85-86 [sign\u00e9 Jean Hurtin].<\/p>\n\n\n\n<p>Colette Becker, <em>Les Apprentissages de Zola<\/em>, PUF, 1993 \u2013 c.r. dans <em>Kritikon litterarum, <\/em>3\/4, 1995.<\/p>\n\n\n\n<p>Cl. Pichois, <em>A. Poulet-Malassis, l\u2019\u2019\u00e9diteur de Baudelaire<\/em>, Fayard \u2013 \u00ab&nbsp;Poulet-Malassis, \u00e9diteur de la modernit\u00e9&nbsp;\u00bb, c.r. dans <em>Magazine litt\u00e9raire,<\/em> n\u00b0&nbsp;350, janvier 1997, p.&nbsp;90-91.<\/p>\n\n\n\n<p>Jean Pr\u00e9vost, <em>Baudelaire<\/em> \u2013 c.r. dans <em>Magazine litt\u00e9raire, <\/em>n\u00b0&nbsp;356, juillet-ao\u00fbt 1997, p.&nbsp;126-127.<\/p>\n\n\n\n<p>Marie-Claire Bancquart, <em>Paris \u00ab&nbsp;Belle Epoque&nbsp;\u00bb par ses \u00e9crivains<\/em>, Adam Biro \/ Paris-mus\u00e9es \u2013 c.r. dans <em>Magazine litt\u00e9raire, <\/em>n\u00b0&nbsp;357, septembre&nbsp;1997, p.&nbsp;88-89.<\/p>\n\n\n\n<p>Jean Delabroy, <em>Pense \u00e0 parler de nous chez les vivants<\/em>, Verticales \u2013 c.r. dans <em>Magazine litt\u00e9raire, <\/em>n\u00b0&nbsp;360, d\u00e9cembre 1997, p.&nbsp;68-69.<\/p>\n\n\n\n<p>Dominique Fernandez, <em>Le Mus\u00e9e d\u2019Emile Zola<\/em>, Stock \u2013 c.r. dans <em>Magazine litt\u00e9raire, <\/em>n\u00b0&nbsp;360, d\u00e9cembre 1997, p.&nbsp;93.<\/p>\n\n\n\n<p>G.-G. Lemaire, <em>Les Caf\u00e9s litt\u00e9raires<\/em>, La Diff\u00e9rence \u2013 c.r. dans <em>Magazine litt\u00e9raire, <\/em>n\u00b0&nbsp;361, janvier 1998, p.&nbsp;149-150.<\/p>\n\n\n\n<p>Jean Lorrrain, <em>Venise<\/em>, La Biblioth\u00e8que \u2013 c.r. dans <em>Magazine litt\u00e9raire<\/em>, n\u00b0&nbsp;364, avril 1998, p.&nbsp;6.<\/p>\n\n\n\n<p><em>Dictionnaire du XIXe&nbsp;si\u00e8cle<\/em>, dir. M. Ambri\u00e8re, PUF, 1998 \u2013 c.r. dans <em>Magazine litt\u00e9raire<\/em>, n\u00b0&nbsp;364, avril 1998, p.&nbsp;102.<\/p>\n\n\n\n<p>Alain Buisine, <em>Dictionnaire amoureux et savant des couleurs de Venise<\/em>, Zulma \u2013 c.r. dans <em>Magazine litt\u00e9raire<\/em>, n\u00b0&nbsp;367, juillet-ao\u00fbt 1998, p.&nbsp;88.<\/p>\n\n\n\n<p>Philippe.&nbsp;Berthier, <em>Espaces stendhaliens<\/em>, PUF, 1997 \u2013 c.r. dans <em>Kritikon Litterarum<\/em>, 25, 1998, 3\/4, p.&nbsp;105-107.<\/p>\n\n\n\n<p>Gis\u00e8le S\u00e9ginger, <em>Naissance et m\u00e9tamorphoses d\u2019un \u00e9crivain. Flaubert et \u00ab&nbsp;Les Tentations de saint Antoine&nbsp;\u00bb<\/em>, Champion, coll. \u00ab&nbsp;Romantisme et modernit\u00e9s&nbsp;\u00bb, 1997 \u2013 c.r. dans <em>Romantisme<\/em>, n\u00b0&nbsp;103, 1999, p.&nbsp;136-138.<\/p>\n\n\n\n<p>Jean Borie, <em>Arch\u00e9ologie de la modernit\u00e9<\/em>, Grasset, 1999 \u2013 c.r. dans <em>Magazine litt\u00e9raire<\/em>, n\u00b0&nbsp;384, f\u00e9vrier 2000, p.&nbsp;85-86.<\/p>\n\n\n\n<p>Max Milner, <em>L\u2019imaginaire des drogues. De Thomas de Quincey \u00e0 Henri Michaux<\/em>, Gallimard, 2000 \u2013 c.r. dans<em> Magazine litt\u00e9raire<\/em>, n\u00b0&nbsp;389, juillet-ao\u00fbt 2000, p.&nbsp;87-88.<\/p>\n\n\n\n<p>Posy Simmonds, <em>Gemma Bovery<\/em>, Deno\u00ebl, 2000 \u2013 c.r. dans <em>Magazine litt\u00e9raire<\/em>, n\u00b0&nbsp;393, d\u00e9cembre 2000, p.&nbsp;80-81&nbsp;; repris sur le site Flaubert, rubrique \u00ab&nbsp;D\u00e9bats critiques&nbsp;\u00bb.<\/p>\n\n\n\n<p>Marie-Claire Bancquart, <em>Fin de si\u00e8cle gourmande. 1880-1900<\/em>, PUF, 2001 \u2013 c.r. dans <em>Magazine litt\u00e9raire<\/em>, n\u00b0&nbsp;400, juillet-ao\u00fbt 2001, p.&nbsp;85-86.<\/p>\n\n\n\n<p>Brigitte Le Juez, <em>Le Papegai et le Papelard dans <\/em>\u00ab&nbsp;<em>Un c\u0153ur simple<\/em>&nbsp;\u00bb<em> de Gustave Flaubert<\/em>, Amsterdam-Atlanta, Rodopi, Coll. Faux Titre, 1999 \u2013 c.r. dans<em> Romantisme<\/em>, n\u00b0&nbsp;115, 2002, p.&nbsp;100-102&nbsp;; repris sur le site Flaubert, rubrique \u00ab&nbsp;D\u00e9bats critiques&nbsp;\u00bb.<\/p>\n\n\n\n<p>Gustave Flaubert, <em>Salammb\u00f4<\/em>, chronologie, pr\u00e9sentation, notes, dossier et bibliographie par Gis\u00e8le S\u00e9ginger, GF Flammarion, 2001, 466 p. dans <em>Romantisme<\/em>, n\u00b0 121, 2003, p. 127-128.<\/p>\n\n\n\n<p>Yann Mortelette, <em>Histoire du Parnasse<\/em>, Fayard, 2005, \u2013 c.r. dans <em>Le <\/em><em>Magazine litt\u00e9raire<\/em>, n\u00b0&nbsp;449, janvier 2006, p.&nbsp;84-85.<\/p>\n\n\n\n<p><em>Collaborations au Monde des Livres&nbsp;<\/em>:<\/p>\n\n\n\n<p>\u00ab&nbsp;Madame Bovary a 150 ans&nbsp;\u00bb, 14&nbsp;avril 2006.<\/p>\n\n\n\n<p>\u00ab&nbsp;L\u2019affaire <em>Le Rouge et le Noir<\/em>&nbsp;\u00bb, 9&nbsp;juin 2006.<\/p>\n\n\n\n<p>\u00ab&nbsp;Antoine Billot. Monsieur Bovary, c\u2019est lui&nbsp;\u00bb, 18 ao\u00fbt 2006.<\/p>\n\n\n\n<p>\u00ab&nbsp;Guy Rosa, <em>Les Mis\u00e9rables, \u00e9dition critique et g\u00e9n\u00e9tique<\/em>, en ligne sur le site du Groupe Hugo, Universit\u00e9 Paris&nbsp;7&nbsp;: <a href=\"http:\/\/groupugo.div.jussieu.fr\/Miserables\/\">http:\/\/groupugo.div.jussieu.fr\/Miserables\/<\/a> [2009]&nbsp;\u00bb, <em>Romantisme<\/em>, n\u00b0&nbsp;153, 2011, p.&nbsp;178-180.<\/p>\n\n\n\n<p>\u00ab&nbsp;Yannick Marec, <em>Vers une R\u00e9publique sociale&nbsp;? Un itin\u00e9raire d\u2019historien<\/em>, pr\u00e9face de Michel Lagrave, Publications des universit\u00e9s de Rouen et du Havre, 2009, dans <em>Bulletin Flaubert-Maupassant<\/em>, n\u00b0&nbsp;26, 2011, p.&nbsp;161-163.<\/p>\n\n\n\n<p>Gustave Flaubert, <em>R<\/em>\u00eave<em> d\u2019Orient. Plans et sc\u00e9narios de <\/em>Salammb\u00f4, \u00e9dition et introduction par Atsuko Ogane, Gen\u00e8ve, Droz, 2016, dans <em>Bulletin du bibliophile<\/em>, n\u00b0&nbsp;1, 2016, p.&nbsp;184-187.<\/p>\n\n\n\n<p><strong>Direction de collections<\/strong><\/p>\n\n\n\n<p><em>Direction de la collection \u00ab&nbsp;Flaubert&nbsp;\u00bb, PU de Rouen<\/em><\/p>\n\n\n\n<p>\u2013&nbsp;Flaubert, <em>Carnet de voyage \u00e0 Carthage<\/em>, texte \u00e9tabli par Claire-Marie Delavoye, 1999.<\/p>\n\n\n\n<p>\u2013&nbsp;Gustave Flaubert par sa ni\u00e8ce Caroline Franklin Grout, <em>Heures d\u2019autrefois, m\u00e9moires in\u00e9dits. Souvenirs intimes et autres textes<\/em>, textes \u00e9tablis, pr\u00e9sent\u00e9s et annot\u00e9s par Matthieu Desportes, 1999.<\/p>\n\n\n\n<p>\u2013&nbsp;<em>La Biblioth\u00e8que de Flaubert<\/em>, actes du colloque de Canteleu du 4 d\u00e9cembre 1999, 2001.<\/p>\n\n\n\n<p>\u2013&nbsp;Gustave Flaubert, <em>Vie et travaux du R.P.&nbsp;Cruchard et autres in\u00e9dits<\/em>, avant-propos de Bernard Molant, textes \u00e9tablis, pr\u00e9sent\u00e9s et annot\u00e9s par Matthieu Desportes et Yvan Leclerc, Publications des Universit\u00e9s de Rouen et du Havre, 2005.<\/p>\n\n\n\n<p>\u2013&nbsp;Hermia Oliver, <em>Flaubert et une gouvernante anglaise<\/em> [Flaubert and an English Governess, Clarendon Press, Oxford, 1980], traduit par Gillian Pinck, pr\u00e9face in\u00e9dite de Julian Barnes, Publications des universit\u00e9s de Rouen et du Havre, coll. \u00ab&nbsp;Flaubert&nbsp;\u00bb, 2011.<\/p>\n\n\n\n<p>\u2013&nbsp;Am\u00e9lie Schweiger, <em>Flaubert en toutes lettres. L\u2019\u00e9criture \u00e9pistolaire dans la correspondance et dans l\u2019\u0153uvre<\/em>, Publications des universit\u00e9s de Rouen et du Havre, coll. \u00ab&nbsp;Flaubert&nbsp;\u00bb, 2012.<\/p>\n\n\n\n<p><em>Direction de la collection \u00ab&nbsp;Maupassant&nbsp;\u00bb, PURH<\/em><\/p>\n\n\n\n<p>\u2013&nbsp;Guy de Maupassant, <em>\u0152uvres po\u00e9tiques compl\u00e8tes. Des Vers et autres po\u00e8mes<\/em>, textes \u00e9tablis, pr\u00e9sent\u00e9s et annot\u00e9s par Emmanuel Vincent, pr\u00e9face de Louis Forestier, Publications de l\u2019Universit\u00e9 de Rouen, 2001.<\/p>\n\n\n\n<p>\u2011&nbsp;Guy de Maupassant en collaboration avec William Busnach, <em>Madame Thomassin<\/em>, pi\u00e8ce in\u00e9dite, \u00e9dition de Marlo Johnston, Publications des Universit\u00e9s de Rouen et du Havre, 2005.<\/p>\n\n\n\n<p>\u2011&nbsp;Guy de Maupassant, <em>Pierre et Jean. Le manuscrit<\/em>, transcription, pr\u00e9face, postface et notes par Maguy Sillam, Publications des Universit\u00e9s de Rouen et du Havre, 2010.<\/p>\n\n\n\n<p><em>Direction de la collection \u00ab&nbsp;Manuscrits&nbsp;\u00bb, CNRS \u00c9ditions et Zulma.<\/em><\/p>\n\n\n\n<p>\u2013&nbsp;<em>Le Horla <\/em>de Guy de Maupassant, pr\u00e9sent\u00e9 par Yvan Leclerc, 1993.<\/p>\n\n\n\n<p>\u2013&nbsp;<em>Cahier des charges de la \u00ab&nbsp;Vie mode d\u2019emploi&nbsp;\u00bb<\/em> de Georges Perec, pr\u00e9sent\u00e9 par Hans Hartje, Bernard Magn\u00e9 et Jacques Neefs, 1993.<\/p>\n\n\n\n<p>\u2013&nbsp;<em>Sido<\/em> de Colette, pr\u00e9sent\u00e9 par Maurice Delcroix, 1994.<\/p>\n\n\n\n<p>\u2013&nbsp;<em>Cahiers d\u2019un savant<\/em> de Louis Pasteur, coordonn\u00e9 par Fran\u00e7oise Balibar et Marie-Laure Pr\u00e9vost, 1995.<\/p>\n\n\n\n<p>\u2013&nbsp;<em>Plans et sc\u00e9narios de \u00ab&nbsp;Madame Bovary&nbsp;\u00bb <\/em>de Flaubert, pr\u00e9sent\u00e9 par Yvan Leclerc, 1995.<\/p>\n\n\n\n<p>\u2013&nbsp;<em>Les Infortunes de la vertu<\/em> de Sade, pr\u00e9face de Michel Delon, pr\u00e9sentation, transcription et notes par Jean-Christophe Abramovici, 1995.<\/p>\n\n\n\n<p><strong>Direction de publication<\/strong><\/p>\n\n\n\n<p><em>\u00ab&nbsp;Salammb\u00f4&nbsp;\u00bb de Flaubert. Histoire, fiction<\/em>, actes du colloque de Rouen, 23-24 mars 1996, textes r\u00e9unis par Daniel Fauvel et Yvan Leclerc, Champion, 1999.<\/p>\n\n\n\n<p><em>Province&nbsp;\/ Paris. Topographie litt\u00e9raire du XIXe si\u00e8cle<\/em>, actes du colloque de Rouen, 19-20 mars 1999, textes r\u00e9unis par Am\u00e9lie Djourachkovitch et Yvan Leclerc, PU de Rouen, 2000.<\/p>\n\n\n\n<p><em>La Biblioth\u00e8que de Flaubert<\/em>,&nbsp; actes du colloque de Canteleu, 4 d\u00e9cembre 1999, sous la direction de Yvan Leclerc, PU de Rouen, coll. \u00ab&nbsp;Flaubert&nbsp;\u00bb, 2001 ( \u00ab&nbsp;Pr\u00e9sentation&nbsp;\u00bb, \u00ab&nbsp;Inventaires, mode d\u2019emploi&nbsp;\u00bb, \u00ab&nbsp;Entretien sur la biblioth\u00e8que de Flaubert&nbsp;\u00bb).<\/p>\n\n\n\n<p><em>Flaubert, Le Poittevin, Maupassant. Une affaire de famille litt\u00e9raire<\/em>, actes du colloque international de F\u00e9camp (octobre 2000), r\u00e9unis et pr\u00e9sent\u00e9s par Yvan Leclerc, PU de Rouen, 2003 (\u00ab&nbsp;Pr\u00e9sentation&nbsp;\u00bb, \u00ab&nbsp;Po\u00e8me d\u2019Alfred Le Poittevin recopi\u00e9 et corrig\u00e9 par Gustave Flaubert&nbsp;\u00bb).<\/p>\n\n\n\n<p><em>Revue <\/em>Flaubert, n\u00b0&nbsp;3, 2003, \u00ab&nbsp;Les apports de l&#8217;informatique et de l&#8217;Internet aux nouvelles formes d&#8217;\u00e9dition, de lecture et d&#8217;interpr\u00e9tation des textes flaubertiens&nbsp;\u00bb, num\u00e9ro dirig\u00e9 par Jean-Beno\u00eet Guinot et Yvan Leclerc, en ligne sur le site Flaubert&nbsp;:<\/p>\n\n\n\n<p><a href=\"http:\/\/flaubert.univ-rouen.fr\/revue\/revue3\">http:\/\/flaubert.univ-rouen.fr\/revue\/revue3<\/a><\/p>\n\n\n\n<p><em>Romantisme<\/em>, n\u00b0&nbsp;122, 2003-4, \u00ab&nbsp;Ma\u00eetres et disciples&nbsp;\u00bb.<\/p>\n\n\n\n<p><em>Le bovarysme et la litt\u00e9rature de langue anglaise<\/em>, acte du colloque ERAC organis\u00e9 \u00e0 l\u2019Universit\u00e9 de Rouen les 13 et 14&nbsp;d\u00e9cembre 2002, ouvrage coordonn\u00e9 par Nicole&nbsp;Terrien et Yvan&nbsp;Leclerc, PU&nbsp;de Rouen, 2004.<\/p>\n\n\n\n<p>\u00ab&nbsp;<em>Madame Bovary<\/em>, 150 ans et apr\u00e8s&nbsp;\u00bb, <em>Bulletin Flaubert-Maupassant<\/em>, n\u00b0&nbsp;23, 2008, actes du colloque organis\u00e9 par le Centre Flaubert (C\u00e9r\u00e9di, universit\u00e9 de Rouen) et les Amis de Flaubert et de Maupassant, Rouen, 15-17&nbsp;novembre 2007.<\/p>\n\n\n\n<p><em>Revue <\/em>Flaubert, n\u00b0&nbsp;8, 2008, \u00ab&nbsp;<em>Madame Bovary<\/em>, encore&nbsp;\u00bb, num\u00e9ro compos\u00e9 par Yvan Leclerc, avec la collaboration de Juliette Azoulai, en ligne sur le site Flaubert&nbsp;:<\/p>\n\n\n\n<p><a href=\"http:\/\/flaubert.univ-rouen.fr\/revue\/sommaire.php?id=8\">http:\/\/flaubert.univ-rouen.fr\/revue\/sommaire.php?id=8<\/a><\/p>\n\n\n\n<p><em>Revue <\/em>Flaubert, n\u00b0&nbsp;11, 2011, \u00ab&nbsp;<strong>Fictions du savoir, savoirs de la fiction dans <em>Bouvard et P\u00e9cuchet<\/em><\/strong><strong>&nbsp;<\/strong>\u00bb, en ligne sur le site Flaubert&nbsp;:<\/p>\n\n\n\n<p><a href=\"http:\/\/flaubert.univ-rouen.fr\/revue\/sommaire.php?id=12\">http:\/\/flaubert.univ-rouen.fr\/revue\/sommaire.php?id=12<\/a><\/p>\n\n\n\n<p><em>Impressionnisme et litt\u00e9rature<\/em>, co-direction avec G\u00e9rard Gengembre et Florence Naugrette, actes du colloque des 9-11 juin 2010, PURH, 2012.<\/p>\n\n\n\n<p>Coordination avec Myriam Dufour-Ma\u00eetre du num\u00e9ro \u00ab&nbsp;Normands de plume&nbsp;\u00bb, <em>\u00c9tudes normandes<\/em>, 2016\/1.<\/p>\n\n\n\n<p><em>Organisation de colloques<\/em><\/p>\n\n\n\n<p><em>\u00ab&nbsp;Salammb\u00f4&nbsp;\u00bb de Flaubert. Histoire, fiction<\/em>, actes du colloque de Rouen, 23-24 mars 1996, textes r\u00e9unis par Daniel Fauvel et Yvan Leclerc, Champion, 1999.<\/p>\n\n\n\n<p><em>Province&nbsp;\/ Paris. Topographie litt\u00e9raire du XIXe si\u00e8cle<\/em>, actes du colloque de Rouen, 19-20 mars 1999, textes r\u00e9unis par Am\u00e9lie Djourachkovitch et Yvan Leclerc, PU de Rouen, 2000.<\/p>\n\n\n\n<p><em>La Biblioth\u00e8que de Flaubert<\/em>,&nbsp; actes du colloque de Canteleu, 4 d\u00e9cembre 1999, sous la direction de Yvan Leclerc, PU de Rouen, coll. \u00ab&nbsp;Flaubert&nbsp;\u00bb, 2001 ( \u00ab&nbsp;Pr\u00e9sentation&nbsp;\u00bb, \u00ab&nbsp;Inventaires, mode d\u2019emploi&nbsp;\u00bb, \u00ab&nbsp;Entretien sur la biblioth\u00e8que de Flaubert&nbsp;\u00bb).<\/p>\n\n\n\n<p><em>Flaubert, Le Poittevin, Maupassant. Une affaire de famille litt\u00e9raire<\/em>, actes du colloque international de F\u00e9camp (octobre 2000), r\u00e9unis et pr\u00e9sent\u00e9s par Yvan Leclerc, PU de Rouen, 2003 (\u00ab&nbsp;Pr\u00e9sentation&nbsp;\u00bb, \u00ab&nbsp;Po\u00e8me d\u2019Alfred Le Poittevin recopi\u00e9 et corrig\u00e9 par Gustave Flaubert&nbsp;\u00bb).<\/p>\n\n\n\n<p><em>Le bovarysme et la litt\u00e9rature de langue anglaise<\/em>, acte du colloque ERAC organis\u00e9 \u00e0 l\u2019Universit\u00e9 de Rouen les 13 et 14&nbsp;d\u00e9cembre 2002, ouvrage coordonn\u00e9 par Nicole&nbsp;Terrien et Yvan&nbsp;Leclerc, PU&nbsp;de Rouen, 2004.<\/p>\n\n\n\n<p>Jean Lorrain, F\u00e9camp, 1er-2 d\u00e9cembre 2006, actes publi\u00e9s sous le titre <em>Jean Lorrain, \u00ab&nbsp;produit d\u2019extr\u00eame civilisation&nbsp;\u00bb<\/em>, PURH, 2009.<\/p>\n\n\n\n<p>\u00ab&nbsp;<em>Madame Bovary<\/em>, 150 ans et apr\u00e8s&nbsp;\u00bb, <em>Bulletin Flaubert-Maupassant<\/em>, n\u00b0&nbsp;23, 2008, actes du colloque organis\u00e9 par le Centre Flaubert (C\u00e9r\u00e9di, universit\u00e9 de Rouen) et les Amis de Flaubert et de Maupassant, Rouen, 15-17&nbsp;novembre 2007.<\/p>\n\n\n\n<p><em>Impressionnisme et litt\u00e9rature<\/em>, co-direction avec G\u00e9rard Gengembre et Florence Naugrette, actes du colloque des 9-11 juin 2010, PURH, 2012.<\/p>\n\n\n\n<p><em>Bouvard et P\u00e9cuchet de Flaubert, roman et savoirs&nbsp;: l\u2019\u00e9dition \u00e9lectronique int\u00e9grale des manuscrits<\/em>, universit\u00e9 de Rouen, 7,8 et 9&nbsp;mars 2013.<\/p>\n\n\n\n<p>\u00ab&nbsp;Images et imaginaires de Flaubert dans les \u0153uvres contemporaines&nbsp;\u00bb, colloque international co-organis\u00e9 avec Sandra Glatigny, dans le cadre de \u00ab&nbsp;Flaubert dans la ville&nbsp;\u00bb, Universit\u00e9 de Rouen, 17 avril 2015.<\/p>\n\n\n\n<p>\u00ab&nbsp;Flaubert vu par les \u00e9crivains contemporains&nbsp;\u00bb, entretiens et d\u00e9dicaces, rencontre co-organis\u00e9e avec Sandra Glatigny, dans le cadre de \u00ab&nbsp;Flaubert dans la ville&nbsp;\u00bb, avec Pierre Bergounioux, Annie Ernaux, Pierre Michon, Christine Montalbetti, Jean-Philippe Toussaint, Th\u00e9\u00e2tre des Arts, Rouen, 18 avril 2015.<\/p>\n\n\n\n<p><strong>Jury de th\u00e8ses et HDR<\/strong><\/p>\n\n\n\n<p>Matsuzawa Kazuhiro, \u00ab&nbsp;\u00c9tude critique et g\u00e9n\u00e9tique de <em>L\u2019\u00c9ducation sentimentale<\/em> de Flaubert.&nbsp;L\u2019amour, l\u2019argent, la parole&nbsp;\u00bb, Paris VIII, dir. Claude Duchet, 26 mai 1988.<\/p>\n\n\n\n<p>Dani\u00e8le Disiviscour, \u00ab&nbsp;Le Monde des affaires dans l\u2019\u0153uvre de Guy de Maupassant&nbsp;\u00bb, dir. Louis Forestier, Paris IV, 7 d\u00e9cembre 1994.<\/p>\n\n\n\n<p>Brigitte Le Juez-Duffy, \u00ab&nbsp;Les Perroquets de Flaubert ou sacr\u00e9s Loulous&nbsp;\u00bb, dir. Pierre Brunel, Paris IV, 17 novembre 1995.<\/p>\n\n\n\n<p>Gis\u00e8le S\u00e9ginger, Habilitation \u00e0 diriger des recherches, dir. Claude Duchet, Paris VIII, 15 janvier 1996.<\/p>\n\n\n\n<p>Dominique Mainguet, \u00ab&nbsp;Po\u00e9tique et g\u00e9n\u00e9tique comparatives. De <em>Madame Bovary <\/em>\u00e0 <em>Bouvard et P\u00e9cuchet<\/em> de Flaubert&nbsp;\u00bb, dir. Yvan Leclerc, Rouen, 22 janvier 1996.<\/p>\n\n\n\n<p>Blandine Leclercq, \u00ab&nbsp;Le Journal intime, \u00e9tude d\u2019un genre et d\u2019un \u00e9criture \u00e0 partir des Journaux intimes d\u2019A. Gide, de F. Kafka et d\u2019A. Nin&nbsp;\u00bb, dir. Lionel Richard, Amiens, 23&nbsp;juin 1997.<\/p>\n\n\n\n<p>Keiko Niiro, \u00ab&nbsp;L\u2019image du Japon en France entre 1860 et 1915&nbsp;\u00bb, dir. Lionel Richard, Amiens, 8&nbsp;novembre 1997.<\/p>\n\n\n\n<p>St\u00e9phanie Dord-Crousl\u00e9, \u00ab&nbsp;<em>Bouvard et P\u00e9cuchet<\/em> et la litt\u00e9rature. \u00c9criture g\u00e9n\u00e9tique et critique du chapitre&nbsp;V de <em>Bouvard et P\u00e9cuchet<\/em> de Gustave Flaubert&nbsp;\u00bb, dir. Jacques Neefs, Paris&nbsp;VIII, 14&nbsp;d\u00e9cembre 1998.<\/p>\n\n\n\n<p>Philippe Dufour, Habilitation \u00e0 diriger des recherches, dir. Jacques Neefs, Paris&nbsp;VIII, 8&nbsp;janvier 1999.<\/p>\n\n\n\n<p>Claude Millet, Habilitation \u00e0 diriger des recherches, dir. Guy Rosa, Paris&nbsp;VII, 30&nbsp;janvier 1999.<\/p>\n\n\n\n<p>Norioki Sugaya, \u00ab&nbsp;Les sciences m\u00e9dicales dans <em>Bouvard et P\u00e9cuchet<\/em> de Flaubert&nbsp;\u00bb, dir. Jacques Neefs, Paris&nbsp;VIII, 22&nbsp;mars 1999.<\/p>\n\n\n\n<p>Tomoko Mihara, \u00ab&nbsp;La communaut\u00e9 et l\u2019Autre dans <em>Bouvard et P\u00e9cuchet<\/em> de Flaubert&nbsp;\u00bb, dir. Yvan Leclerc, Rouen, 22&nbsp;septembre 1999.<\/p>\n\n\n\n<p>Marie Durel, \u00ab&nbsp;Classement et analyse des manuscrits de <em>Madame Bovary<\/em>&nbsp;\u00bb, dir. Yvan Leclerc, Rouen, 22&nbsp;janvier 2000.<\/p>\n\n\n\n<p>Fran\u00e7ois Pinel, \u00ab&nbsp;Le rapport au f\u00e9minin et l\u2019espace \u00e9pistolaire dans la <em>Correspondance<\/em> de Flaubert&nbsp;\u00bb, dir. Marie-Claire Grassi, Nice Sophia-Antipolis, 17&nbsp;novembre 2001.<\/p>\n\n\n\n<p>Florence Naugrette, Habilitation \u00e0 diriger des recherches, dir. Guy Rosa, Paris VII, 17&nbsp;d\u00e9cembre 2002.<\/p>\n\n\n\n<p>\u00c9lisabeth Himber, \u00ab&nbsp;Th\u00e9\u00e2tralit\u00e9 et repr\u00e9sentations dans l\u2019\u0153uvre de Guy de&nbsp;Maupassant&nbsp;\u00bb, dir. Philippe Hamon, Paris&nbsp;III &#8211; Sorbonne nouvelle, 15&nbsp;d\u00e9cembre 2003.<\/p>\n\n\n\n<p>Marie-Christine Desmarets, \u00ab&nbsp;Bigarrures et bizarreries baroques dans <em>Salammb\u00f4<\/em> de Flaubert&nbsp;\u00bb, dir. Yvan Leclerc, Rouen, 2&nbsp;avril 2004.<\/p>\n\n\n\n<p>Ji-Yong Chung, \u00ab&nbsp;La jeunesse de Flaubert&nbsp;: l\u2019\u00e9criture et la qu\u00eate de l\u2019identit\u00e9&nbsp;\u00bb, dir. Pierre-Louis Rey, Paris&nbsp;III &#8211; Sorbonne nouvelle, 27&nbsp;mai 2004.<\/p>\n\n\n\n<p>Kamel Hamdi, \u00ab&nbsp;Le traitement de 1848 dans <em>L\u2019\u00c9ducation sentimentale <\/em>et dans <em>Bouvard et P\u00e9cuchet <\/em>de Gustave Flaubert&nbsp;\u00bb, dir. Yvan Leclerc, Rouen, 29&nbsp;juin 2004.<\/p>\n\n\n\n<p>Laure Helms, \u00ab&nbsp;Maupassant et l\u2019irr\u00e9m\u00e9diable. Le temps dans l\u2019\u0153uvre romanesque de Guy de&nbsp;Maupassant&nbsp;\u00bb, dir. Jean-Louis Caban\u00e8s, Paris&nbsp;X \u2013 Nanterre, 2&nbsp;d\u00e9cembre 2005.<\/p>\n\n\n\n<p>Liliane Lefebvre-Bertrand, \u00ab&nbsp;Le statut litt\u00e9raire de la Normandie chez Flaubert et Maupassant&nbsp;\u00bb, dir. Yvan Leclerc, 13&nbsp;octobre 2006.<\/p>\n\n\n\n<p>Jacqueline Ernst, \u00ab&nbsp;Flaubert, le corps \u00e0 l\u2019\u0153uvre&nbsp;\u00bb, dir. Gis\u00e8le S\u00e9ginger, Marne-la-Vall\u00e9e, 15&nbsp;novembre 2006.<\/p>\n\n\n\n<p>Walid Ezzine, \u00ab&nbsp;<em>Salammb\u00f4 <\/em>de Flaubert, de la documentation \u00e0 l\u2019\u0153uvre&nbsp;\u00bb, dir. Gis\u00e8le S\u00e9ginger, Marne-la-Vall\u00e9e, 18&nbsp;d\u00e9cembre 2006.<\/p>\n\n\n\n<p>Pierre Claver Mongui, \u00ab&nbsp;Politique et religion dans <em>Salammb\u00f4 <\/em>de Gustave Flaubert&nbsp;\u00bb, dire. Yvan Leclerc, 29 juin 2007.<\/p>\n\n\n\n<p>Mireille Naturel, \u00ab&nbsp;Proust et le fait litt\u00e9raire&nbsp;\u00bb, HDR, dir. Antoine Compagnon, Paris&nbsp;IV \u2013 Sorbonne, 1er&nbsp;d\u00e9cembre 2007.<\/p>\n\n\n\n<p>Marie Scarpa, \u00ab&nbsp;Ethnocritique et r\u00e9cit litt\u00e9raire&nbsp;\u00bb, HDR, dir. Jean-Marie Privat, Metz, 3&nbsp;d\u00e9cembre 2007.<\/p>\n\n\n\n<p>Raoudha Mzabi, \u00ab&nbsp;Les Repr\u00e9sentations de l\u2019objet dans l\u2019\u0153uvre de Maupassant&nbsp;\u00bb, dir. Jacques Noiray, Paris&nbsp;IV \u2013 Sorbonne, 8&nbsp;d\u00e9cembre 2007.<\/p>\n\n\n\n<p>Catherine Robert, \u00ab&nbsp;Le r\u00e9cit de voyage en Orient comme construction de la figure de l\u2019homme de lettres au XIXe&nbsp;si\u00e8cle&nbsp;\u00bb, dir. Yvan Leclerc, Rouen, 10&nbsp;juin 2008.<\/p>\n\n\n\n<p>Nitiwadee Srihong, \u00ab&nbsp;Les lectures d\u2019Emma dans <em>Madame Bovary <\/em>de Flaubert (premi\u00e8re partie, chapitre&nbsp;6)&nbsp;: des manuscrits au texte&nbsp;\u00bb, dir. Yvan Leclerc, Rouen, 17&nbsp;d\u00e9cembre 2008.<\/p>\n\n\n\n<p>\u00c9ric Zavenne Par\u00e9, \u00ab&nbsp;Madame Bovary est une machine&nbsp;\u00bb, dir. Jean-Marie Privat, Metz, 19&nbsp;mars 2009.<\/p>\n\n\n\n<p>Taro Nakajima, \u00ab&nbsp;Les Figures religieuses dans l\u2019\u0153uvre de Gustave Flaubert&nbsp;\u00bb, dir. Gis\u00e8le S\u00e9ginger, Paris-Est, 5&nbsp;d\u00e9cembre 2009.<\/p>\n\n\n\n<p>Nathalie Gibert-Joly, \u00ab&nbsp;\u00c9dition \u00e9lectronique de la correspondance de Jean Bruller-Vercors&nbsp;\u00bb, dir. Alain Riffaud, Universit\u00e9 du Maine, 7&nbsp;juin 2011.<\/p>\n\n\n\n<p>Martine Dreher, <em>La repr\u00e9sentation de l\u2019enfant dans l\u2019\u0153uvre de Guy de Maupassant<\/em>, dir. \u00c9l\u00e9onore Reverzy, Universit\u00e9 de Strasbourg, 5&nbsp;d\u00e9cembre 2011.<\/p>\n\n\n\n<p>Hassen Bkhairia, <em>L\u2019inscription litt\u00e9raire de l\u2019Histoire chez Flaubert des <\/em>\u0152uvres de jeunesse <em>\u00e0 <\/em>Salammb\u00f4, dir. Francis Lacoste et Kameleddine Gaha, Universit\u00e9 de Bordeaux, 29 juin 2012.<\/p>\n\n\n\n<p>Juliette Azoulai, <em>L\u2019\u00e2me et le corps chez Flaubert. Une ontologie simple<\/em>, dir. Yvan Leclerc et Jean-Louis Caban\u00e8s, Universit\u00e9 de Rouen, 16&nbsp;novembre 2012.<\/p>\n\n\n\n<p>Catherine Mariette-Clot, \u00ab&nbsp;<em>Nous sommes au c\u0153ur de beaucoup de livres&nbsp;\u00bb. De Stendhal \u00e0 George Sand. Textes, contextes, pr\u00e9textes<\/em>, HDR, dir. Brigitte Diaz, Universit\u00e9 de Caen, 29&nbsp;novembre 2012.<\/p>\n\n\n\n<p>Nathalie Petit, <em>Les suppressions dans les brouillons de <\/em>Madame Bovary <em>de Gustave Flaubert<\/em>, dir. Yvan Leclerc, Universit\u00e9 de Rouen, 5&nbsp;d\u00e9cembre 2014.<\/p>\n\n\n\n<p>Colombe de Dieuleveult, <em>Lettres et r\u00e9cits d\u2019Alexandre Marius Jacob&nbsp;: les contraintes de l\u2019\u00e9criture ordinaire<\/em>, dir. Yvan Leclerc et Jean-Claude Vimont, Universit\u00e9 de Rouen, 23 octobre 2015.<\/p>\n\n\n\n<p>Damien Dauge, <em>\u00ab&nbsp;Il lui semblait entendre\u2026&nbsp;\u00bb Flaubert et le spectre du musical<\/em>, dir. Yvan Leclerc et Peter Szendy, Universit\u00e9 de Rouen, 4 d\u00e9cembre 2015.<\/p>\n\n\n\n<p>G\u00e9rard Pouchain, <em>Recherches biographiques et iconographiques sur Victor Hugo et Juliette Drouet<\/em>, dir. Yvan Leclerc, Universit\u00e9 de Rouen, 17&nbsp;d\u00e9cembre 2015.<\/p>\n\n\n\n<p>David Michon, <em>Parcours m\u00e9moriels et comm\u00e9morations en l\u2019honneur de Gustave Flaubert (Rouen-Paris, 1821-2017)<\/em>, histoire contemporaine, sous la direction de Claude-Isabelle Brelot, Universit\u00e9 Lumi\u00e8re Lyon, 26 juillet 2018, membre du jury.<\/p>\n\n\n\n<p>L\u00e9opold Reigner, <em>Le Flaubert de Nabokov&nbsp;: interpr\u00e9tation, continuit\u00e9 et originalit\u00e9<\/em>,&nbsp; co-directeur avec Anne-Laure Tissut, 30&nbsp;novembre 2018, universit\u00e9 de Rouen Normandie.<\/p>\n","protected":false},"excerpt":{"rendered":"<p>PUBLICATIONS XIXe si\u00e8cle Sur Flaubert Internet Site Flaubert, http:\/\/flaubert.univ-rouen.fr, ouvert le 8 mai 2001. Conception, construction, enrichissement du site, avec l\u2019aide technique de Djamel Hadji (service audio-visuel, Universit\u00e9 de Rouen). Le site h\u00e9berge la Revue Flaubert annuel et le Bulletin Flaubert, diffus\u00e9 gratuitement par courriel \u00e0 quatre cents abonn\u00e9s. \u00c0 partir de 2022, le site [&hellip;]<\/p>\n","protected":false},"author":2,"featured_media":0,"comment_status":"closed","ping_status":"closed","sticky":false,"template":"","format":"standard","meta":{"footnotes":""},"categories":[32,8],"tags":[],"class_list":["post-314","post","type-post","status-publish","format-standard","hentry","category-bibliographie","category-travaux"],"_links":{"self":[{"href":"https:\/\/yvanleclerc.org\/index.php\/wp-json\/wp\/v2\/posts\/314","targetHints":{"allow":["GET"]}}],"collection":[{"href":"https:\/\/yvanleclerc.org\/index.php\/wp-json\/wp\/v2\/posts"}],"about":[{"href":"https:\/\/yvanleclerc.org\/index.php\/wp-json\/wp\/v2\/types\/post"}],"author":[{"embeddable":true,"href":"https:\/\/yvanleclerc.org\/index.php\/wp-json\/wp\/v2\/users\/2"}],"replies":[{"embeddable":true,"href":"https:\/\/yvanleclerc.org\/index.php\/wp-json\/wp\/v2\/comments?post=314"}],"version-history":[{"count":1,"href":"https:\/\/yvanleclerc.org\/index.php\/wp-json\/wp\/v2\/posts\/314\/revisions"}],"predecessor-version":[{"id":315,"href":"https:\/\/yvanleclerc.org\/index.php\/wp-json\/wp\/v2\/posts\/314\/revisions\/315"}],"wp:attachment":[{"href":"https:\/\/yvanleclerc.org\/index.php\/wp-json\/wp\/v2\/media?parent=314"}],"wp:term":[{"taxonomy":"category","embeddable":true,"href":"https:\/\/yvanleclerc.org\/index.php\/wp-json\/wp\/v2\/categories?post=314"},{"taxonomy":"post_tag","embeddable":true,"href":"https:\/\/yvanleclerc.org\/index.php\/wp-json\/wp\/v2\/tags?post=314"}],"curies":[{"name":"wp","href":"https:\/\/api.w.org\/{rel}","templated":true}]}}