{"id":296,"date":"2025-05-23T23:38:21","date_gmt":"2025-05-23T21:38:21","guid":{"rendered":"https:\/\/yvanleclerc.org\/?p=296"},"modified":"2025-05-29T21:47:17","modified_gmt":"2025-05-29T19:47:17","slug":"flaubert-et-moi","status":"publish","type":"post","link":"https:\/\/yvanleclerc.org\/index.php\/2025\/05\/23\/flaubert-et-moi\/","title":{"rendered":"Flaubert (et moi)"},"content":{"rendered":"\n<p><\/p>\n\n\n\n<p><strong>prend trop de place, <br>presque toute, <br>regret de ne pas avoir <br>une autre vie pour autre chose, <br>mais jamais de regret <br>de l\u2019avoir choisi<\/strong> <\/p>\n\n\n\n<p>Emma m\u2019\u00e9crit. Je re\u00e7ois une lettre de l\u2019Association pour le d\u00e9pistage des cancers en Seine-Maritime. Elle s\u2019est baptis\u00e9e EMMA, pour une raison qui m\u2019\u00e9chappe. Est-ce un acronyme&nbsp;? Mais compos\u00e9 avec les lettres de quelle suite de mots&nbsp;? Pour le d\u00e9pistage du cancer du sein, on pourrait penser au <em>M<\/em> de <em>mammaire<\/em> (<em>Emma<\/em> est tout entier dans <em>mammaire<\/em>). Mais le d\u00e9pistage du cancer colorectal&nbsp;? Quoi qu\u2019il en soit, l\u2019annonce d\u2019un \u00e9ventuel cancer par Emma s\u2019en trouvera consid\u00e9rablement adoucie. (10&nbsp;d\u00e9cembre 2012).<\/p>\n\n\n\n<p><em>Paris-Normandie<\/em> rapporte les perles entendues \u00e0 l\u2019Office de tourisme de Rouen pendant l\u2019\u00e9t\u00e9. Un touriste demande&nbsp;: \u00ab&nbsp;Le pont Flaubert, il est rive droite ou rive gauche&nbsp;?&nbsp;\u00bb (Communiqu\u00e9 par F., le 4&nbsp;septembre 2012.)<br>Quelle question&nbsp;! On voit bien que les touristes ne connaissent rien ?la sociologie rouennaise. Comme s\u2019il existait des ponts entre la rive droite et la rive gauche&nbsp;! Il n\u2019y a pas qu\u2019en Avignon que les ponts, commenc\u00e9s rive droite, s\u2019arr\u00eatent au milieu du fleuve, pour \u00e9viter que les classes dangereuses n\u2019envahissent les beaux quartiers.<\/p>\n\n\n\n<p>Prise de conscience que presque toutes mes relations, travail, amiti\u00e9, etc., sont li\u00e9es d\u2019une mani\u00e8re ou d\u2019une autre \u00e0 Flaubert. Bref, je <em>dois <\/em>une grande partie de ma vie \u00e0 Flaubert, entre \u00e9nergie et ali\u00e9nation. Centre de convergence et d\u2019expansion d\u2019un \u00ab&nbsp;r\u00e9seau&nbsp;\u00bb social et affectif. Tendance \u00e0 mesurer les distances, les proximit\u00e9s, par rapport \u00e0 ce point fixe, comme une constellation de plan\u00e8tes autour d\u2019un soleil. On pourrait filer la m\u00e9taphore cosmique en tenant compte des circonf\u00e9rences, des distances, des attractions et r\u00e9pulsions, des satellites gravitant autour des plan\u00e8tes\u2026 Il y a m\u00eame des astres morts, certaines relations qui ne <em>tenaient <\/em>qu\u2019\u00e0 Flaubert, et ce lien ayant disparu, la personne aussi.<\/p>\n\n\n\n<p><a href=\"https:\/\/flaubert.univ-rouen.fr\/documents\/135\/trb-leclerc.pdf\" data-type=\"link\" data-id=\"https:\/\/flaubert.univ-rouen.fr\/documents\/135\/trb-leclerc.pdf\">Pr\u00e9sentation sur le site des transcriptions de <em>Madame Bovary<\/em><\/a>.<\/p>\n\n\n\n<p><\/p>\n","protected":false},"excerpt":{"rendered":"<p>prend trop de place, presque toute, regret de ne pas avoir une autre vie pour autre chose, mais jamais de regret de l\u2019avoir choisi Emma m\u2019\u00e9crit. Je re\u00e7ois une lettre de l\u2019Association pour le d\u00e9pistage des cancers en Seine-Maritime. Elle s\u2019est baptis\u00e9e EMMA, pour une raison qui m\u2019\u00e9chappe. Est-ce un acronyme&nbsp;? Mais compos\u00e9 avec les [&hellip;]<\/p>\n","protected":false},"author":2,"featured_media":0,"comment_status":"closed","ping_status":"closed","sticky":false,"template":"","format":"standard","meta":{"footnotes":""},"categories":[34,8],"tags":[],"class_list":["post-296","post","type-post","status-publish","format-standard","hentry","category-flaubert-et-moi","category-travaux"],"_links":{"self":[{"href":"https:\/\/yvanleclerc.org\/index.php\/wp-json\/wp\/v2\/posts\/296","targetHints":{"allow":["GET"]}}],"collection":[{"href":"https:\/\/yvanleclerc.org\/index.php\/wp-json\/wp\/v2\/posts"}],"about":[{"href":"https:\/\/yvanleclerc.org\/index.php\/wp-json\/wp\/v2\/types\/post"}],"author":[{"embeddable":true,"href":"https:\/\/yvanleclerc.org\/index.php\/wp-json\/wp\/v2\/users\/2"}],"replies":[{"embeddable":true,"href":"https:\/\/yvanleclerc.org\/index.php\/wp-json\/wp\/v2\/comments?post=296"}],"version-history":[{"count":2,"href":"https:\/\/yvanleclerc.org\/index.php\/wp-json\/wp\/v2\/posts\/296\/revisions"}],"predecessor-version":[{"id":298,"href":"https:\/\/yvanleclerc.org\/index.php\/wp-json\/wp\/v2\/posts\/296\/revisions\/298"}],"wp:attachment":[{"href":"https:\/\/yvanleclerc.org\/index.php\/wp-json\/wp\/v2\/media?parent=296"}],"wp:term":[{"taxonomy":"category","embeddable":true,"href":"https:\/\/yvanleclerc.org\/index.php\/wp-json\/wp\/v2\/categories?post=296"},{"taxonomy":"post_tag","embeddable":true,"href":"https:\/\/yvanleclerc.org\/index.php\/wp-json\/wp\/v2\/tags?post=296"}],"curies":[{"name":"wp","href":"https:\/\/api.w.org\/{rel}","templated":true}]}}