{"id":155,"date":"2025-05-02T15:39:39","date_gmt":"2025-05-02T13:39:39","guid":{"rendered":"https:\/\/yvanleclerc.org\/?p=155"},"modified":"2025-07-28T22:01:22","modified_gmt":"2025-07-28T20:01:22","slug":"daniel","status":"publish","type":"post","link":"https:\/\/yvanleclerc.org\/index.php\/2025\/05\/02\/daniel\/","title":{"rendered":"Daniel"},"content":{"rendered":"\n<p>Il m\u2019avait pr\u00e9venu qu\u2019il se mettait \u00e0 pleurer pour un rien, d\u00e8s qu\u2019il \u00e9tait un peu \u00e9mu, en<br>parlant du pass\u00e9, par exemple. C\u2019\u00e9tait \u00e0 cause des m\u00e9dicaments contre le cancer, qui le<br>rendaient hypersensible.<\/p>\n\n\n\n<p>Les souvenirs viennent en nombre.<br>Ce sont d\u2019abord des images du coll\u00e8ge Anjou, o\u00f9 Daniel et moi nous nous sommes connus, o\u00f9<br>nous avons travaill\u00e9 ensemble pendant 9 ans.<br>Je revois sa blouse impeccablement blanche, une blouse de scientifique qu\u2019il enfilait d\u00e8s qu\u2019il<br>arrivait au coll\u00e8ge et qu\u2019il gardait en toutes circonstances. Elle convenait \u00e0 son caract\u00e8re droit,<br>exact, rigoureux, \u00e0 son go\u00fbt du travail bien fait jusqu\u2019\u00e0 la perfection.<br>Mais cette rigueur n\u2019\u00e9tait pas de l\u2019aust\u00e9rit\u00e9. Il savait allier esprit de s\u00e9rieux et sens de<br>l\u2019humour.<br>Il aimait son m\u00e9tier. Aux rentr\u00e9es de septembre, quand la plupart des coll\u00e8gues \u00e0 la mine<br>bronz\u00e9e ren\u00e2claient et pestaient, lui affichait tranquillement son plaisir \u00e0 reprendre son<br>cartable et \u00e0 remettre sa blouse blanche.<br>Il croyait \u00e0 la mission de l\u2019\u00e9cole, lorsqu\u2019elle jouait encore son r\u00f4le d\u2019ascenseur social, avant<br>de devenir une machine \u00e0 reproduction des diff\u00e9rences. Il croyait au service public, c\u2019est-\u00e0-<br>dire aux institutions qui sont au service du public, qui s\u2019adressent \u00e0 des usagers et non \u00e0 des<br>clients comme aujourd\u2019hui. Par son esprit communautaire, par sa fa\u00e7on de penser et de vivre<br>collectif, il \u00e9tait pour moi le beau symbole du trio CAMIF, MAIF, MGEN. Il ne reste plus<br>grand-chose aujourd\u2019hui de cet id\u00e9al&nbsp;: la CAMIF a disparu, la MAIF est devenue une mutuelle<br>comme une autre. L\u2019esprit individualiste du chacun pour soi et du sauve-qui-peut g\u00e9n\u00e9ralis\u00e9<br>dans le naufrage a triomph\u00e9 dans la soci\u00e9t\u00e9 comme dans l\u2019enseignement.<br>J\u2019entends encore sa voix dans les r\u00e9unions au coll\u00e8ge, sa parole pos\u00e9e, son esprit constructif,<br>sa fermet\u00e9 sur les principes et sa volont\u00e9 de conciliation.<br><\/p>\n\n\n\n<p>Je dois \u00e0 Daniel de nombreux temps forts de cette vie d\u2019enseignant au coll\u00e8ge Anjou.<br>Je lui dois mes premiers cours d\u2019informatique, quand il a \u00e9t\u00e9 un pionnier \u00e0 la fin des ann\u00e9es<br>70 en apprenant \u00e0 ses coll\u00e8gues des petits programmes sous DOS qui permettaient d\u2019afficher<br>sur un \u00e9cran combien font 2 + 2. C\u2019\u00e9tait un miracle du num\u00e9rique. Depuis, l\u2019informatique a<br>fait des progr\u00e8s en calcul, mais je pense toujours avec \u00e9motion que je lui dois, comme bien<br>d\u2019autres, les rudiments, et sans doute mon go\u00fbt, moi litt\u00e9raire, pour l\u2019informatique.<br>Je lui dois de bonnes heures de cours donn\u00e9s en commun devant les classes. Qu\u2019est-ce qu\u2019un<br>scientifique avait affaire avec un litt\u00e9raire&nbsp;? Nous formions un tandem improbable, et qui<br>marchait bien. Nous avons fait cours ensemble sur une pi\u00e8ce de th\u00e9\u00e2tre d\u2019Eug\u00e8ne Ionesco<br>intitul\u00e9e La Le\u00e7on. Le professeur de la pi\u00e8ce essayait d\u2019apprendre le calcul \u00e0 ses \u00e9l\u00e8ves&nbsp;: le<br>sujet se pr\u00eatait bien \u00e0 une double explication, chacun dans sa discipline. Ensuite, nous avons<br>emmen\u00e9 les \u00e9l\u00e8ves \u00e0 Paris pour voir une repr\u00e9sentation de cette pi\u00e8ce, une exp\u00e9dition qui<br>devenait un plaisir avec Daniel, parce qu\u2019on pouvait compter sur son sens de l\u2019organisation<br>qui ne laissait rien au hasard. On pouvait se reposer sur lui, lui faire enti\u00e8re confiance dans les<br>grandes choses comme dans les d\u00e9tails.<br>Une autre sortie p\u00e9dagogique nous avait conduits \u00e0 la centrale de Chinon. EDF nous avait<br>servi des homards au d\u00e9jeuner, nous ironisions entre nous sur la bonne image du nucl\u00e9aire que<br>les responsables de la centrale entendaient donner. Au retour, nous avions eu l\u2019id\u00e9e d\u2019\u00e9crire \u00e0<br>deux un livre d\u2019enqu\u00eates sur la perception de l\u2019usine par le voisinage.<\/p>\n\n\n\n<p>Il y eut aussi une sortie aux Mureaux, sur le site de la fus\u00e9e Ariane, sans doute avec les \u00e9l\u00e8ves<br>de son club fus\u00e9e. Me revient la joie des enfants lorsqu\u2019ils voyaient partir leur engin, \u00e0 la fin<br>de l\u2019ann\u00e9e, depuis la rampe de lancement install\u00e9e sur le terrain de sport du coll\u00e8ge Anjou.<br><\/p>\n\n\n\n<p>La bonne entente du coll\u00e8ge s\u2019est transform\u00e9e en amiti\u00e9s pour les deux couples. Daniel avait<br>le sens de la famille. Il se montrait l\u00e9gitimement fier de ses deux filles, de leurs r\u00e9ussites<br>scolaires et professionnelles.<\/p>\n\n\n\n<p><br>De ces ann\u00e9es heureuses, j\u2019ai conserv\u00e9 quelques photos, certaines mentales, qui ne me<br>quitteront plus&nbsp;:<br>\u2012 La photo o\u00f9 nous sommes tous les deux en train d\u2019esquisser un pas de danse, pour imiter<br>Delphine, dans la cour des Fourgeaud, rue Saint-Nicolas \u00e0 Sabl\u00e9.<br>\u2012 Les grandes tabl\u00e9es joyeuses dans la cour de la maison de Malpaire, et les poussettes des<br>enfants. Les promenades d\u2019apr\u00e8s-midi dans le chemin qui allait loin, en longeant la propri\u00e9t\u00e9<br>par derri\u00e8re la cl\u00f4ture.<br>\u2012 Les vacances \u00e0 Sion, la caravane dans le jardin, et les canalisations pour le tout-\u00e0-l\u2019\u00e9gout<br>que nous avons pos\u00e9es ensemble.<\/p>\n\n\n\n<p><br>Aller \u00e0 Malpaire \u00e9tait toujours un plaisir, la certitude de retrouver un milieu de calme et de<br>s\u00e9r\u00e9nit\u00e9. Daniel aimait montrer les travaux de la maison qui avan\u00e7aient, pi\u00e8ce apr\u00e8s pi\u00e8ce, son<br>jardin tir\u00e9 au cordeau, la pelouse entretenue. Je trouvais que le nom de \u00ab&nbsp;Ch\u00eane mari\u00e9&nbsp;\u00bb<br>sonnait bien pour cette solide maison b\u00e2tie au bord de la for\u00eat.<br>Puis, nous nous sommes perdus de vue pendant longtemps. Par ma faute. J\u2019avais chang\u00e9 de<br>vie. Je ne savais comment en parler. J\u2019ignorais si nous avions encore quelque chose \u00e0 nous<br>dire.<br>C\u2019est Daniel qui a eu la bonne id\u00e9e et la gentillesse de renouer un lien distendu, en 2007, il y a<br>6 ans. Dans une de ses premi\u00e8res lettres, il parlait d\u2019une vieille \u00ab&nbsp;complicit\u00e9&nbsp;\u00bb. C\u2019\u00e9tait mieux<br>que de l\u2019amiti\u00e9. Il parlait longuement des enfants et des petits enfants, il parlait de la maison<br>joyeuse et mouvement\u00e9e quand la famille \u00e9tait r\u00e9unie pour les vacances, de son r\u00f4le de<br>\u00ab&nbsp;papydu72&nbsp;\u00bb.<br>Malgr\u00e9 le courrier \u00e9lectronique, nous avons continu\u00e9 \u00e0 nous \u00e9changer des cartes et des lettres<br>manuscrites. J\u2019aimais recevoir ses lettres, avec sa grande \u00e9criture \u00e9nergique et les ronds \u00e0 la<br>place des points sur les i. J\u2019ai retrouv\u00e9 une lettre de 6 grandes pages, commenc\u00e9e \u00e0 la lumi\u00e8re<br>du jour et termin\u00e9e \u00e0 la nuit, \u00ab&nbsp;\u00e0 la tomb\u00e9e de la nuit, tu sais (c\u2019est lui qui \u00e9crit), juste au<br>moment o\u00f9 les grands arbres sans leurs feuilles deviennent impressionnants au travers des<br>fen\u00eatres en enserrant la maison&nbsp;\u00bb.<\/p>\n\n\n\n<p><br>Avec Daniel, je n\u2019ai \u00e0 rappeler que de bons souvenirs. Il me reste quelques regrets&nbsp;:<br>\u2012 ne pas avoir \u00e9crit avec lui ce livre \u00e0 quatre mains sur les centrales nucl\u00e9aires pendant les<br>ann\u00e9es du coll\u00e8ge Anjou&nbsp;;<br>\u2012 \u00eatre rest\u00e9 silencieux pendant trop d\u2019ann\u00e9es&nbsp;;<br>\u2012 ne pas avoir eu le temps de lui faire visiter Rouen et la Normandie.<br>Mais il reste surtout les moments partag\u00e9s et la chance de l\u2019avoir revu il y deux ans et demi,<br>inchang\u00e9, avec ce m\u00e9lange de discr\u00e9tion, de rigueur et de sensibilit\u00e9 qui font de lui cet homme<br>unique que je suis heureux d\u2019avoir connu.<br>Yvan<\/p>\n\n\n\n<p><\/p>\n\n\n\n<figure class=\"wp-block-image size-large is-resized\"><img loading=\"lazy\" decoding=\"async\" width=\"1024\" height=\"765\" src=\"https:\/\/yvanleclerc.org\/wp-content\/uploads\/2025\/05\/daniel_danse-1024x765.jpg\" alt=\"\" class=\"wp-image-293\" style=\"width:507px;height:auto\" srcset=\"https:\/\/yvanleclerc.org\/wp-content\/uploads\/2025\/05\/daniel_danse-1024x765.jpg 1024w, https:\/\/yvanleclerc.org\/wp-content\/uploads\/2025\/05\/daniel_danse-300x224.jpg 300w, https:\/\/yvanleclerc.org\/wp-content\/uploads\/2025\/05\/daniel_danse-768x574.jpg 768w, https:\/\/yvanleclerc.org\/wp-content\/uploads\/2025\/05\/daniel_danse.jpg 1198w\" sizes=\"auto, (max-width: 1024px) 100vw, 1024px\" \/><\/figure>\n","protected":false},"excerpt":{"rendered":"<p>Il m\u2019avait pr\u00e9venu qu\u2019il se mettait \u00e0 pleurer pour un rien, d\u00e8s qu\u2019il \u00e9tait un peu \u00e9mu, en<br \/>\nparlant du pass\u00e9, par exemple. C\u2019\u00e9tait \u00e0 cause des m\u00e9dicaments contre le cancer, qui le<br \/>\nrendaient hypersensible.<\/p>\n<p>Les souvenirs viennent en nombre.<br \/>\nCe sont d\u2019abord des images du coll\u00e8ge Anjou, o\u00f9 Daniel et moi nous nous sommes connus, o\u00f9<br \/>\nnous avons travaill\u00e9 ensemble pendant 9 ans.<br \/>\nJe revois sa blouse impeccablement blanche, une blouse de scientifique qu\u2019il enfilait d\u00e8s qu\u2019il<br \/>\narrivait au coll\u00e8ge et qu\u2019il gardait en toutes circonstances. Elle convenait \u00e0 son caract\u00e8re droit,<br \/>\nexact, rigoureux, \u00e0 son go\u00fbt du travail bien fait jusqu\u2019\u00e0 la perfection.<\/p>\n","protected":false},"author":1,"featured_media":0,"comment_status":"closed","ping_status":"closed","sticky":false,"template":"","format":"standard","meta":{"footnotes":""},"categories":[24,3],"tags":[],"class_list":["post-155","post","type-post","status-publish","format-standard","hentry","category-hommages","category-les-autres"],"_links":{"self":[{"href":"https:\/\/yvanleclerc.org\/index.php\/wp-json\/wp\/v2\/posts\/155","targetHints":{"allow":["GET"]}}],"collection":[{"href":"https:\/\/yvanleclerc.org\/index.php\/wp-json\/wp\/v2\/posts"}],"about":[{"href":"https:\/\/yvanleclerc.org\/index.php\/wp-json\/wp\/v2\/types\/post"}],"author":[{"embeddable":true,"href":"https:\/\/yvanleclerc.org\/index.php\/wp-json\/wp\/v2\/users\/1"}],"replies":[{"embeddable":true,"href":"https:\/\/yvanleclerc.org\/index.php\/wp-json\/wp\/v2\/comments?post=155"}],"version-history":[{"count":5,"href":"https:\/\/yvanleclerc.org\/index.php\/wp-json\/wp\/v2\/posts\/155\/revisions"}],"predecessor-version":[{"id":518,"href":"https:\/\/yvanleclerc.org\/index.php\/wp-json\/wp\/v2\/posts\/155\/revisions\/518"}],"wp:attachment":[{"href":"https:\/\/yvanleclerc.org\/index.php\/wp-json\/wp\/v2\/media?parent=155"}],"wp:term":[{"taxonomy":"category","embeddable":true,"href":"https:\/\/yvanleclerc.org\/index.php\/wp-json\/wp\/v2\/categories?post=155"},{"taxonomy":"post_tag","embeddable":true,"href":"https:\/\/yvanleclerc.org\/index.php\/wp-json\/wp\/v2\/tags?post=155"}],"curies":[{"name":"wp","href":"https:\/\/api.w.org\/{rel}","templated":true}]}}