{"id":122,"date":"2025-05-02T14:43:05","date_gmt":"2025-05-02T12:43:05","guid":{"rendered":"https:\/\/yvanleclerc.org\/?p=122"},"modified":"2025-07-28T22:07:34","modified_gmt":"2025-07-28T20:07:34","slug":"la-bicyclette","status":"publish","type":"post","link":"https:\/\/yvanleclerc.org\/index.php\/2025\/05\/02\/la-bicyclette\/","title":{"rendered":"\u00c0 bicyclette"},"content":{"rendered":"\n<p><\/p>\n\n\n\n<h2 class=\"wp-block-heading\"><\/h2>\n\n\n\n<p><\/p>\n\n\n\n<p>\u00c0 bicyclette. On \u00e9quilibre des masses, \u00e0 trois sur deux roues. Charg\u00e9es s\u00e9par\u00e9es qui<br>neutralisent leurs pouss\u00e9es. \u00c9quilibre instable plusieurs fois compromis. Nous tombons.<\/p>\n\n\n\n<figure class=\"wp-block-image size-full is-resized\"><img loading=\"lazy\" decoding=\"async\" width=\"717\" height=\"198\" src=\"https:\/\/yvanleclerc.org\/wp-content\/uploads\/2025\/05\/Capture-decran-2025-05-02-144238.png\" alt=\"\" class=\"wp-image-123\" style=\"width:492px;height:auto\" srcset=\"https:\/\/yvanleclerc.org\/wp-content\/uploads\/2025\/05\/Capture-decran-2025-05-02-144238.png 717w, https:\/\/yvanleclerc.org\/wp-content\/uploads\/2025\/05\/Capture-decran-2025-05-02-144238-300x83.png 300w\" sizes=\"auto, (max-width: 717px) 100vw, 717px\" \/><\/figure>\n\n\n\n<p>Le conducteur, homme vieux, qui dirige l\u2019engin en maniant des pommes de terre, dit&nbsp;: \u00ab&nbsp;Ce n\u2019est pas pratique, parce que les pommes de terre n\u2019ont pas une forme g\u00e9om\u00e9trique.&nbsp;\u00bb<\/p>\n\n\n\n<p>Finalement, on part. Point de vue de cin\u00e9ma. On voit le convoi partir, comme s\u2019il \u00e9tait \u00e9pi\u00e9. Angoisse. Le spectateur (moi) occupe la place du tra\u00eetre qui \u00e9pie (m\u00eame impression que dans le film de Melville, <em>Deux hommes dans Manhattan<\/em>, o\u00f9 la voiture qui suivait, dont j\u2019avais cru d\u2019abord qu\u2019elle \u00e9tait occup\u00e9e par des hommes charg\u00e9s de liquider les journalistes, s\u2019av\u00e8re \u00eatre conduite par la fille de la victime, proc\u00e9d\u00e9 technique qui m\u2019a beaucoup impressionn\u00e9).&nbsp;<\/p>\n\n\n\n<h2 class=\"wp-block-heading\"><\/h2>\n\n\n\n<p><\/p>\n","protected":false},"excerpt":{"rendered":"<p>\u00c0 bicyclette. On \u00e9quilibre des masses, \u00e0 trois sur deux roues. Charg\u00e9es s\u00e9par\u00e9es quineutralisent leurs pouss\u00e9es. \u00c9quilibre instable plusieurs fois compromis. Nous tombons. Le conducteur, homme vieux, qui dirige l\u2019engin en maniant des pommes de terre, dit&nbsp;: \u00ab&nbsp;Ce n\u2019est pas pratique, parce que les pommes de terre n\u2019ont pas une forme g\u00e9om\u00e9trique.&nbsp;\u00bb Finalement, on part. [&hellip;]<\/p>\n","protected":false},"author":1,"featured_media":0,"comment_status":"closed","ping_status":"closed","sticky":false,"template":"","format":"standard","meta":{"footnotes":""},"categories":[2,21],"tags":[],"class_list":["post-122","post","type-post","status-publish","format-standard","hentry","category-je","category-reves"],"_links":{"self":[{"href":"https:\/\/yvanleclerc.org\/index.php\/wp-json\/wp\/v2\/posts\/122","targetHints":{"allow":["GET"]}}],"collection":[{"href":"https:\/\/yvanleclerc.org\/index.php\/wp-json\/wp\/v2\/posts"}],"about":[{"href":"https:\/\/yvanleclerc.org\/index.php\/wp-json\/wp\/v2\/types\/post"}],"author":[{"embeddable":true,"href":"https:\/\/yvanleclerc.org\/index.php\/wp-json\/wp\/v2\/users\/1"}],"replies":[{"embeddable":true,"href":"https:\/\/yvanleclerc.org\/index.php\/wp-json\/wp\/v2\/comments?post=122"}],"version-history":[{"count":5,"href":"https:\/\/yvanleclerc.org\/index.php\/wp-json\/wp\/v2\/posts\/122\/revisions"}],"predecessor-version":[{"id":520,"href":"https:\/\/yvanleclerc.org\/index.php\/wp-json\/wp\/v2\/posts\/122\/revisions\/520"}],"wp:attachment":[{"href":"https:\/\/yvanleclerc.org\/index.php\/wp-json\/wp\/v2\/media?parent=122"}],"wp:term":[{"taxonomy":"category","embeddable":true,"href":"https:\/\/yvanleclerc.org\/index.php\/wp-json\/wp\/v2\/categories?post=122"},{"taxonomy":"post_tag","embeddable":true,"href":"https:\/\/yvanleclerc.org\/index.php\/wp-json\/wp\/v2\/tags?post=122"}],"curies":[{"name":"wp","href":"https:\/\/api.w.org\/{rel}","templated":true}]}}